{"id":13062,"date":"2020-02-01T10:03:59","date_gmt":"2020-02-01T09:03:59","guid":{"rendered":"https:\/\/blogs.elcomercio.es\/reflexiones-de-belarmino\/?p=13062"},"modified":"2020-02-01T10:03:59","modified_gmt":"2020-02-01T09:03:59","slug":"europa-pierde-76-millones-de-habitantes-el-16-del-pib-y-las-armas-nucleares","status":"publish","type":"post","link":"https:\/\/blogs.elcomercio.es\/reflexiones-de-belarmino\/2020\/02\/01\/europa-pierde-76-millones-de-habitantes-el-16-del-pib-y-las-armas-nucleares\/","title":{"rendered":"\u00a1\u00a1 EUROPA PIERDE 76 MILLONES DE HABITANTES, EL 16 % DEL PIB Y LAS ARMAS NUCLEARES !!"},"content":{"rendered":"<p><strong>Ayer se produjo un proceso hist\u00f3rico. Por supuesto en la historia de Europa, de la UNi\u00f2n Europea, sino a nivel mundial, cuyos alcances nadie puede predecir.<\/strong><\/p>\n<p><strong>La Isla, vuelve a la Isla, que en su momento fue el centro del mayor imperio de la historia: El Imperio Brit\u00e0nico. Ni los Mongoles, ni el Islam, ni los Otomanos, ni siquiera los Estados Unidos tuvieron en su momentto de auge en 1902 al morir la reina Victoria, 1\/3 parte del territorio mundial y 3\/5 partes de la riqueza mundial.<\/strong><\/p>\n<p><strong>El Reino Unido, ha sido y es un motor economico, tecnologico mundial.Cuatro de las sprincipales potencias del mundo tienen en ellos sus raices de la Isla: EE:UU:, India, Canada y Australia.<\/strong><\/p>\n<p><strong>Ayer al salir de la Uni\u00f2n Europea, \u00e9sta pierde 76 millones de habitantes, el 16 % de su PIB y uno de los dos paises que poseen armas nucleares:Francia y el Reino Unido, con 300 bombas nucleares, cada uno.<br \/>\n<\/strong><\/p>\n<p><strong>Vease como se vea es un hecho muy importante y una perdida para la Uni\u00f2n Europea muy importante.<\/strong><\/p>\n<p><strong>Ayer, cuando ellos, a sus 11 hs inglesas, no a las 12 de la Uni\u00f2n, dejaban Europa, su principal aliado Donald Trump, hab\u00eca ganado la batalla y no ser\u00e0 destituido.En el futuro la alianza EE.UU. con el Reino Unido, de Trump con Johnson contar\u00e0 mucho.<\/strong><\/p>\n<p><strong>Adem\u00e0s Farange el ultraderechista brit\u00e0nico, ser\u00e0 un ejemplo a seguir de aquellos que desean salir de Europa.Los nacionalismos crecer\u00e0n y el mundo ser\u00e0 menos estable.<\/strong><\/p>\n<p><strong>Callado, como siempre el tigre astuto de los Urales, saboreaba estas dos decisiones.En su estrategia est\u00e0 la alinza con Trump,y el debilitamiento de Europa.<\/strong><\/p>\n<p>&nbsp;<\/p>\n<!-- AddThis Advanced Settings generic via filter on the_content --><!-- AddThis Share Buttons generic via filter on the_content -->","protected":false},"excerpt":{"rendered":"<p>Ayer se produjo un proceso hist\u00f3rico. Por supuesto en la historia de Europa, de la UNi\u00f2n Europea, sino a nivel mundial, cuyos alcances nadie puede predecir. La Isla, vuelve a la Isla, que en su momento fue el centro del mayor imperio de la historia: El Imperio Brit\u00e0nico. Ni los Mongoles, ni el Islam, ni [&hellip;]<!-- AddThis Advanced Settings generic via filter on get_the_excerpt --><!-- AddThis Share Buttons generic via filter on get_the_excerpt --><\/p>\n","protected":false},"author":16,"featured_media":0,"comment_status":"open","ping_status":"closed","sticky":false,"template":"","format":"standard","meta":[],"categories":[1],"tags":[],"_links":{"self":[{"href":"https:\/\/blogs.elcomercio.es\/reflexiones-de-belarmino\/wp-json\/wp\/v2\/posts\/13062"}],"collection":[{"href":"https:\/\/blogs.elcomercio.es\/reflexiones-de-belarmino\/wp-json\/wp\/v2\/posts"}],"about":[{"href":"https:\/\/blogs.elcomercio.es\/reflexiones-de-belarmino\/wp-json\/wp\/v2\/types\/post"}],"author":[{"embeddable":true,"href":"https:\/\/blogs.elcomercio.es\/reflexiones-de-belarmino\/wp-json\/wp\/v2\/users\/16"}],"replies":[{"embeddable":true,"href":"https:\/\/blogs.elcomercio.es\/reflexiones-de-belarmino\/wp-json\/wp\/v2\/comments?post=13062"}],"version-history":[{"count":3,"href":"https:\/\/blogs.elcomercio.es\/reflexiones-de-belarmino\/wp-json\/wp\/v2\/posts\/13062\/revisions"}],"predecessor-version":[{"id":13065,"href":"https:\/\/blogs.elcomercio.es\/reflexiones-de-belarmino\/wp-json\/wp\/v2\/posts\/13062\/revisions\/13065"}],"wp:attachment":[{"href":"https:\/\/blogs.elcomercio.es\/reflexiones-de-belarmino\/wp-json\/wp\/v2\/media?parent=13062"}],"wp:term":[{"taxonomy":"category","embeddable":true,"href":"https:\/\/blogs.elcomercio.es\/reflexiones-de-belarmino\/wp-json\/wp\/v2\/categories?post=13062"},{"taxonomy":"post_tag","embeddable":true,"href":"https:\/\/blogs.elcomercio.es\/reflexiones-de-belarmino\/wp-json\/wp\/v2\/tags?post=13062"}],"curies":[{"name":"wp","href":"https:\/\/api.w.org\/{rel}","templated":true}]}}