{"id":13104,"date":"2020-02-04T19:20:43","date_gmt":"2020-02-04T18:20:43","guid":{"rendered":"https:\/\/blogs.elcomercio.es\/reflexiones-de-belarmino\/?p=13104"},"modified":"2020-02-04T19:20:43","modified_gmt":"2020-02-04T18:20:43","slug":"psoe-y-pp-acuerdan-retirar-a-vox-de-todas-las-comisiones-parlamentarias","status":"publish","type":"post","link":"https:\/\/blogs.elcomercio.es\/reflexiones-de-belarmino\/2020\/02\/04\/psoe-y-pp-acuerdan-retirar-a-vox-de-todas-las-comisiones-parlamentarias\/","title":{"rendered":"\u00a1\u00a1PSOE Y PP, ACUERDAN RETIRAR A VOX DE TODAS LAS COMISIONES PARLAMENTARIAS !!"},"content":{"rendered":"<p><strong>Un primer paso importante se ha dado hoy en el Congreso al acordar el Partido Socialista Obrero Espa\u00f1ol y el Partido Popular retirar a Vox de todas las comisiones ordinarias y extraordinaria del Congreso.<\/strong><\/p>\n<p><strong>Informado por Adriana Lastra, las 33 comisiones parlamentarias ordinarias y las extraordinarias, dejar\u00e0n fuera de todas ellas a Vox y por supuesto a Ciudadanos.<\/strong><\/p>\n<p><strong>Diecisiete las presidir\u00e0 el PSOE, siete el Partido Popular, seis Unidas Podemos, y una para los nacionalistas catalanes y otra para los vascos.<\/strong><\/p>\n<p><strong>Cada comisi\u00f2n est\u00e0 integrada por 5 diputados, un presidente, dos vicepresidentes y dos secretarios.<\/strong><\/p>\n<p><strong>Espinosa de los Monteros protest\u00f2 y explic\u00f2 que ellos aspiraban a estar en las que le correspondieron en la anterior Legislatura a Ciudadanos.<\/strong><\/p>\n<p><strong>El dejar al margen al partido que est\u00e0 en contra de la Constituci\u00f2n y representa la ultraderecha, avanzan las fuerzas democr\u00e0ticas del Congreso y del pais.<\/strong><\/p>\n<!-- AddThis Advanced Settings generic via filter on the_content --><!-- AddThis Share Buttons generic via filter on the_content -->","protected":false},"excerpt":{"rendered":"<p>Un primer paso importante se ha dado hoy en el Congreso al acordar el Partido Socialista Obrero Espa\u00f1ol y el Partido Popular retirar a Vox de todas las comisiones ordinarias y extraordinaria del Congreso. Informado por Adriana Lastra, las 33 comisiones parlamentarias ordinarias y las extraordinarias, dejar\u00e0n fuera de todas ellas a Vox y por [&hellip;]<!-- AddThis Advanced Settings generic via filter on get_the_excerpt --><!-- AddThis Share Buttons generic via filter on get_the_excerpt --><\/p>\n","protected":false},"author":16,"featured_media":0,"comment_status":"open","ping_status":"closed","sticky":false,"template":"","format":"standard","meta":[],"categories":[1],"tags":[],"_links":{"self":[{"href":"https:\/\/blogs.elcomercio.es\/reflexiones-de-belarmino\/wp-json\/wp\/v2\/posts\/13104"}],"collection":[{"href":"https:\/\/blogs.elcomercio.es\/reflexiones-de-belarmino\/wp-json\/wp\/v2\/posts"}],"about":[{"href":"https:\/\/blogs.elcomercio.es\/reflexiones-de-belarmino\/wp-json\/wp\/v2\/types\/post"}],"author":[{"embeddable":true,"href":"https:\/\/blogs.elcomercio.es\/reflexiones-de-belarmino\/wp-json\/wp\/v2\/users\/16"}],"replies":[{"embeddable":true,"href":"https:\/\/blogs.elcomercio.es\/reflexiones-de-belarmino\/wp-json\/wp\/v2\/comments?post=13104"}],"version-history":[{"count":2,"href":"https:\/\/blogs.elcomercio.es\/reflexiones-de-belarmino\/wp-json\/wp\/v2\/posts\/13104\/revisions"}],"predecessor-version":[{"id":13106,"href":"https:\/\/blogs.elcomercio.es\/reflexiones-de-belarmino\/wp-json\/wp\/v2\/posts\/13104\/revisions\/13106"}],"wp:attachment":[{"href":"https:\/\/blogs.elcomercio.es\/reflexiones-de-belarmino\/wp-json\/wp\/v2\/media?parent=13104"}],"wp:term":[{"taxonomy":"category","embeddable":true,"href":"https:\/\/blogs.elcomercio.es\/reflexiones-de-belarmino\/wp-json\/wp\/v2\/categories?post=13104"},{"taxonomy":"post_tag","embeddable":true,"href":"https:\/\/blogs.elcomercio.es\/reflexiones-de-belarmino\/wp-json\/wp\/v2\/tags?post=13104"}],"curies":[{"name":"wp","href":"https:\/\/api.w.org\/{rel}","templated":true}]}}