{"id":13285,"date":"2020-02-16T11:51:10","date_gmt":"2020-02-16T10:51:10","guid":{"rendered":"https:\/\/blogs.elcomercio.es\/reflexiones-de-belarmino\/?p=13285"},"modified":"2020-02-16T11:51:10","modified_gmt":"2020-02-16T10:51:10","slug":"sanchez-promete-a-los-barones-que-el-dialogo-con-cataluna-no-danara-a-otras-autonomias","status":"publish","type":"post","link":"https:\/\/blogs.elcomercio.es\/reflexiones-de-belarmino\/2020\/02\/16\/sanchez-promete-a-los-barones-que-el-dialogo-con-cataluna-no-danara-a-otras-autonomias\/","title":{"rendered":"\u00a1\u00a1SANCHEZ PROMETE A LOS BARONES QUE EL DI\u00c1LOGO CON CATALU\u00d1A NO DA\u00d1AR\u00c1 A OTRAS AUTONOM\u00cdAS!!.!!"},"content":{"rendered":"<p><strong>En el m\u00e0s importante organismo del Partido Socialista Obrero Espa\u00f1ol entre Congresos, el Comit\u00e8 Federal, Pedro S\u00e1nchez ha recibido yer\u00a0 el mayor de los apoyos.Casi ni Catalu\u00f1a, y ni pensar de ese pa\u00ecs sudamericano que tanto manejan las derechas, aliadas a los paises de la orbita de los Estados Unidos, fueron tema de discusi\u00f2n<br \/>\n<\/strong><\/p>\n<p><strong>El presidente\u00a0 del Gobierno y lider del PSOE, prometi\u00f2 ayer que el di\u00e0logo para normalizar Catalu\u00f1a no ir\u00e0 en detrimento del resto de las Autonomias, en que ests\u00e0 dividida territorialmente Espa\u00f1a en la Constituci\u00f3n de 1978.<\/strong><\/p>\n<p>&#8220;<strong>Extremadura necesita un tren digno, y lo necesita ya.Murcia necesista\u00a0 que el Mar Menor recupere la vida que tuvo; Castilla y Le\u00f2n piden que aunemos fuerzas para revertir la despoblaci\u00f3n; todos los agricultores de Espa\u00f1a miran con preocupaci\u00f2n el debate de la PAC en Bruselas y piden la defensa de sus derechos y su econom\u00eca&#8221; y prosigui\u00f2:&#8221; Cada uno de los ciudadanos y ciudadanas de Espa\u00f1a esperan atenci\u00f2n a sus demandas.Mi compromiso es que lo tendr\u00e0n&#8221;.<\/strong><\/p>\n<p><strong>Ayer, dos a\u00f1os m\u00e0s tardes, en el seno de aquel Comit\u00e8 Federal presidido por Susana Diaz que lo hech\u00f2, Pedro Sanchez se ha convertido en el pol\u00ectico m\u00e1s poderoso del pa\u00eds.<\/strong><\/p>\n<!-- AddThis Advanced Settings generic via filter on the_content --><!-- AddThis Share Buttons generic via filter on the_content -->","protected":false},"excerpt":{"rendered":"<p>En el m\u00e0s importante organismo del Partido Socialista Obrero Espa\u00f1ol entre Congresos, el Comit\u00e8 Federal, Pedro S\u00e1nchez ha recibido yer\u00a0 el mayor de los apoyos.Casi ni Catalu\u00f1a, y ni pensar de ese pa\u00ecs sudamericano que tanto manejan las derechas, aliadas a los paises de la orbita de los Estados Unidos, fueron tema de discusi\u00f2n El [&hellip;]<!-- AddThis Advanced Settings generic via filter on get_the_excerpt --><!-- AddThis Share Buttons generic via filter on get_the_excerpt --><\/p>\n","protected":false},"author":16,"featured_media":0,"comment_status":"open","ping_status":"closed","sticky":false,"template":"","format":"standard","meta":[],"categories":[1],"tags":[],"_links":{"self":[{"href":"https:\/\/blogs.elcomercio.es\/reflexiones-de-belarmino\/wp-json\/wp\/v2\/posts\/13285"}],"collection":[{"href":"https:\/\/blogs.elcomercio.es\/reflexiones-de-belarmino\/wp-json\/wp\/v2\/posts"}],"about":[{"href":"https:\/\/blogs.elcomercio.es\/reflexiones-de-belarmino\/wp-json\/wp\/v2\/types\/post"}],"author":[{"embeddable":true,"href":"https:\/\/blogs.elcomercio.es\/reflexiones-de-belarmino\/wp-json\/wp\/v2\/users\/16"}],"replies":[{"embeddable":true,"href":"https:\/\/blogs.elcomercio.es\/reflexiones-de-belarmino\/wp-json\/wp\/v2\/comments?post=13285"}],"version-history":[{"count":3,"href":"https:\/\/blogs.elcomercio.es\/reflexiones-de-belarmino\/wp-json\/wp\/v2\/posts\/13285\/revisions"}],"predecessor-version":[{"id":13288,"href":"https:\/\/blogs.elcomercio.es\/reflexiones-de-belarmino\/wp-json\/wp\/v2\/posts\/13285\/revisions\/13288"}],"wp:attachment":[{"href":"https:\/\/blogs.elcomercio.es\/reflexiones-de-belarmino\/wp-json\/wp\/v2\/media?parent=13285"}],"wp:term":[{"taxonomy":"category","embeddable":true,"href":"https:\/\/blogs.elcomercio.es\/reflexiones-de-belarmino\/wp-json\/wp\/v2\/categories?post=13285"},{"taxonomy":"post_tag","embeddable":true,"href":"https:\/\/blogs.elcomercio.es\/reflexiones-de-belarmino\/wp-json\/wp\/v2\/tags?post=13285"}],"curies":[{"name":"wp","href":"https:\/\/api.w.org\/{rel}","templated":true}]}}