{"id":13299,"date":"2020-02-17T14:54:15","date_gmt":"2020-02-17T13:54:15","guid":{"rendered":"https:\/\/blogs.elcomercio.es\/reflexiones-de-belarmino\/?p=13299"},"modified":"2020-02-17T14:54:15","modified_gmt":"2020-02-17T13:54:15","slug":"autonomias-federalismo-o-centralismo-nuestro-dilema","status":"publish","type":"post","link":"https:\/\/blogs.elcomercio.es\/reflexiones-de-belarmino\/2020\/02\/17\/autonomias-federalismo-o-centralismo-nuestro-dilema\/","title":{"rendered":"\u00a1\u00a1 AUTONOMIAS, FEDERALISMO O CENTRALISMO, NUESTRO DILEMA !!!"},"content":{"rendered":"<p><strong>Ayer salieron de nuevo los leoneses a la calle para reivindicar a Le\u00f2n separado de Castilla.Teruel existe, particip\u00f3 en forma independiente en las nuevas elecciones. Catalanes, Vascos, Gallegos luchan por su independencia y Andaluc\u00eca es la cuarta Comunidad Hist\u00f2rica.<\/strong><\/p>\n<p><strong>Durante tres siglos los Borbones han mantenido el Centralismo en Espa\u00f1a, que mantuvo el dictador. Cuando se hace la transici\u00f2n, los Constituyentes aprueban un r\u00e8gimen Auton\u00f2mico, que hace cada vez m\u00e0s agua.<\/strong><\/p>\n<p><strong>Quienes venimos de Am\u00e8rica, observamos, como ni la America Sajona, ni en la Latina existe este problema que retrasa y debilita.All\u00ec hay otros problemas pero toda Am\u00e8rica tiene su base en el Federalismo.<\/strong><\/p>\n<p><strong>Tarde o temprano habr\u00e0 que abrir el mel\u00f2n,como le llaman a la Constituci\u00f2n de 1978, para adecuarla no a 1978, sino a 2020.Hay temores,sobre todo en las derechas.Con el centralismo ,han tenido lo que ellos representan los poderes f\u00e0cticos, el poder centralizado\u00a0 de Espa\u00f1a.<\/strong><\/p>\n<p><strong>Vox nos quiere llevar a aquellos siglos pasados, pero, m\u00e0s tarde que temprano, creo que el Federalismo acabar\u00e0 con este problema que nos desgatas cada vez m\u00e0s en nuestro pa\u00ecs.<\/strong><\/p>\n<!-- AddThis Advanced Settings generic via filter on the_content --><!-- AddThis Share Buttons generic via filter on the_content -->","protected":false},"excerpt":{"rendered":"<p>Ayer salieron de nuevo los leoneses a la calle para reivindicar a Le\u00f2n separado de Castilla.Teruel existe, particip\u00f3 en forma independiente en las nuevas elecciones. Catalanes, Vascos, Gallegos luchan por su independencia y Andaluc\u00eca es la cuarta Comunidad Hist\u00f2rica. Durante tres siglos los Borbones han mantenido el Centralismo en Espa\u00f1a, que mantuvo el dictador. Cuando [&hellip;]<!-- AddThis Advanced Settings generic via filter on get_the_excerpt --><!-- AddThis Share Buttons generic via filter on get_the_excerpt --><\/p>\n","protected":false},"author":16,"featured_media":0,"comment_status":"open","ping_status":"closed","sticky":false,"template":"","format":"standard","meta":[],"categories":[1],"tags":[],"_links":{"self":[{"href":"https:\/\/blogs.elcomercio.es\/reflexiones-de-belarmino\/wp-json\/wp\/v2\/posts\/13299"}],"collection":[{"href":"https:\/\/blogs.elcomercio.es\/reflexiones-de-belarmino\/wp-json\/wp\/v2\/posts"}],"about":[{"href":"https:\/\/blogs.elcomercio.es\/reflexiones-de-belarmino\/wp-json\/wp\/v2\/types\/post"}],"author":[{"embeddable":true,"href":"https:\/\/blogs.elcomercio.es\/reflexiones-de-belarmino\/wp-json\/wp\/v2\/users\/16"}],"replies":[{"embeddable":true,"href":"https:\/\/blogs.elcomercio.es\/reflexiones-de-belarmino\/wp-json\/wp\/v2\/comments?post=13299"}],"version-history":[{"count":1,"href":"https:\/\/blogs.elcomercio.es\/reflexiones-de-belarmino\/wp-json\/wp\/v2\/posts\/13299\/revisions"}],"predecessor-version":[{"id":13300,"href":"https:\/\/blogs.elcomercio.es\/reflexiones-de-belarmino\/wp-json\/wp\/v2\/posts\/13299\/revisions\/13300"}],"wp:attachment":[{"href":"https:\/\/blogs.elcomercio.es\/reflexiones-de-belarmino\/wp-json\/wp\/v2\/media?parent=13299"}],"wp:term":[{"taxonomy":"category","embeddable":true,"href":"https:\/\/blogs.elcomercio.es\/reflexiones-de-belarmino\/wp-json\/wp\/v2\/categories?post=13299"},{"taxonomy":"post_tag","embeddable":true,"href":"https:\/\/blogs.elcomercio.es\/reflexiones-de-belarmino\/wp-json\/wp\/v2\/tags?post=13299"}],"curies":[{"name":"wp","href":"https:\/\/api.w.org\/{rel}","templated":true}]}}