{"id":13305,"date":"2020-02-17T20:25:33","date_gmt":"2020-02-17T19:25:33","guid":{"rendered":"https:\/\/blogs.elcomercio.es\/reflexiones-de-belarmino\/?p=13305"},"modified":"2020-02-17T20:25:33","modified_gmt":"2020-02-17T19:25:33","slug":"gracias-a-victor-coto-y-ana-fernandez-de-el-comercio","status":"publish","type":"post","link":"https:\/\/blogs.elcomercio.es\/reflexiones-de-belarmino\/2020\/02\/17\/gracias-a-victor-coto-y-ana-fernandez-de-el-comercio\/","title":{"rendered":"\u00a1\u00a1GRACIAS A VICTOR COTO Y ANA FERNANDEZ DE &#8220;EL COMERCIO&#8221; !!"},"content":{"rendered":"<p><strong>Trece a\u00f1os de haber retornado a Asturias.Trece a\u00f1os de gran riqueza, de pasar del activismo puro de 67 a\u00f1os en M\u00e8xico a la meditaci\u00f2n, la serenidad, el aprendizaje y el crecimiento interno en Asturias.<\/strong><\/p>\n<p><strong>No fue facil, pero al final, esa serenidad, el vivir s\u00f2lo con mi otro yo, el &#8220;\u00b7cranear&#8221; diariamente caminando en Apartamentos Gij\u00f2n, el Ateneo de la Calzada y Natahoyo, dado que nunca he podido comprar un ordenador, hicieron algo que me sorprendi\u00f3: la Memoria.Luego entend\u00ec que cuando alguien vive este proceso SE ESTIMULAN LAS CELULAS DE LA MEMORIA. As\u00ec hace dos a\u00f1os, en 230 cuartillas publique Entre Mareas via digital, en Editorial Bobuk, el cuarto libre que entregu\u00e9 como agardecimiento a Asturias.En el est\u00e0 mi vida desde los 3 a\u00f1os hasta los 67,sin considerar los 3 a\u00f1os de tener una columna en El Comercio, de escribir Belarmino, Uno m\u00e1s de los sin nada; Rafael y Pura 125 a\u00f1os de moral publica, \u00a1Ya basta!(tras recorrer a pie toda Asturias) y de haber publicado m\u00e0s de 4,000 blogs, 6 por d\u00eca en Blogs El Comercio.es con el titulo de Reflexiones de Belarmino.<\/strong><\/p>\n<p><strong>Pero, la mitad de esos blogs, usando Facebook, las remito diariamente a mis amigos y lectores en M\u00e8xico, Per\u00fa, Canada y Estados Unidos.<\/strong><\/p>\n<p><strong>Acabo de cumplir los 80 en plenitud, mental y fisicamente gracias a que me invent\u00e9 esta trabajo,por supuesto sin ningun ingreso m\u00e0s que los 11 euros diarios del Salario Social, desde 2007, y apartamentos Gijon, donde tengo de llevar viviendo estos 13 a\u00f1os, enfrente de donde vivi\u00f2 y murio Horacio Fern\u00e0ndez Inguanzo, el Paisano, un honor para mi<br \/>\n<\/strong><\/p>\n<p><strong>En su momento le di las Gracias a I\u00f1igo Noriega quien me abri\u00f2 las puertas cuando todos me la cerraron, m\u00e0s tarde a Marcelino Gutierrez siempre en aquella \u00e8poca tan estimado por mi y a Carmen.<\/strong><\/p>\n<p><strong>Hoy quiero dedicar estass l\u00ecneas a dos hormiguitas, bien valiosas, para un modesto colaborador que bien poco sabe de informatica.<\/strong><\/p>\n<p><strong>Victor Coto, desde que lo conoc\u00ec ha sido extraordinaariamente amable conmigo, en todo lo que corresponde a los blogs y Ana Fern\u00e0ndez, igaulmente profesional, encargada de Facebook.<\/strong><\/p>\n<p><strong>Cuando llegue aqu\u00ed no sabia usar un ordenador, por que en M\u00e8xico siempre hab\u00eda tenido secretarias en mis trabajos. Aqu\u00ec tom\u00e8 s\u00f2lo un curso de Words de 15 d\u00ecas y las m\u00e0s de 5,000 cuartillas que he escrito han salido a capella.<\/strong><\/p>\n<p><strong>Por ello a Victor y a Ana, les agradezco la sensibilidad para entender que de las 1,000 cosas(por decir algo) que se pueden hacer en Internet, yo s\u00f2lo se 5 cosas, pero de ah\u00ec ha salido este trabajo.<\/strong><\/p>\n<p><strong>I\u00f1igo,Marcelino y Carmen, fueron en su momento los que me dieron el empuj\u00f2n, hoy doy las gracias A VICTOR COTO Y ANA FERNANDEZ, con mi agradecimiento.<\/strong><\/p>\n<!-- AddThis Advanced Settings generic via filter on the_content --><!-- AddThis Share Buttons generic via filter on the_content -->","protected":false},"excerpt":{"rendered":"<p>Trece a\u00f1os de haber retornado a Asturias.Trece a\u00f1os de gran riqueza, de pasar del activismo puro de 67 a\u00f1os en M\u00e8xico a la meditaci\u00f2n, la serenidad, el aprendizaje y el crecimiento interno en Asturias. No fue facil, pero al final, esa serenidad, el vivir s\u00f2lo con mi otro yo, el &#8220;\u00b7cranear&#8221; diariamente caminando en Apartamentos [&hellip;]<!-- AddThis Advanced Settings generic via filter on get_the_excerpt --><!-- AddThis Share Buttons generic via filter on get_the_excerpt --><\/p>\n","protected":false},"author":16,"featured_media":0,"comment_status":"open","ping_status":"closed","sticky":false,"template":"","format":"standard","meta":[],"categories":[1],"tags":[],"_links":{"self":[{"href":"https:\/\/blogs.elcomercio.es\/reflexiones-de-belarmino\/wp-json\/wp\/v2\/posts\/13305"}],"collection":[{"href":"https:\/\/blogs.elcomercio.es\/reflexiones-de-belarmino\/wp-json\/wp\/v2\/posts"}],"about":[{"href":"https:\/\/blogs.elcomercio.es\/reflexiones-de-belarmino\/wp-json\/wp\/v2\/types\/post"}],"author":[{"embeddable":true,"href":"https:\/\/blogs.elcomercio.es\/reflexiones-de-belarmino\/wp-json\/wp\/v2\/users\/16"}],"replies":[{"embeddable":true,"href":"https:\/\/blogs.elcomercio.es\/reflexiones-de-belarmino\/wp-json\/wp\/v2\/comments?post=13305"}],"version-history":[{"count":3,"href":"https:\/\/blogs.elcomercio.es\/reflexiones-de-belarmino\/wp-json\/wp\/v2\/posts\/13305\/revisions"}],"predecessor-version":[{"id":13308,"href":"https:\/\/blogs.elcomercio.es\/reflexiones-de-belarmino\/wp-json\/wp\/v2\/posts\/13305\/revisions\/13308"}],"wp:attachment":[{"href":"https:\/\/blogs.elcomercio.es\/reflexiones-de-belarmino\/wp-json\/wp\/v2\/media?parent=13305"}],"wp:term":[{"taxonomy":"category","embeddable":true,"href":"https:\/\/blogs.elcomercio.es\/reflexiones-de-belarmino\/wp-json\/wp\/v2\/categories?post=13305"},{"taxonomy":"post_tag","embeddable":true,"href":"https:\/\/blogs.elcomercio.es\/reflexiones-de-belarmino\/wp-json\/wp\/v2\/tags?post=13305"}],"curies":[{"name":"wp","href":"https:\/\/api.w.org\/{rel}","templated":true}]}}