{"id":13310,"date":"2020-02-17T20:46:09","date_gmt":"2020-02-17T19:46:09","guid":{"rendered":"https:\/\/blogs.elcomercio.es\/reflexiones-de-belarmino\/?p=13310"},"modified":"2020-02-17T20:47:37","modified_gmt":"2020-02-17T19:47:37","slug":"para-ana-fernandez-y-victor-cotomexico-4-anos","status":"publish","type":"post","link":"https:\/\/blogs.elcomercio.es\/reflexiones-de-belarmino\/2020\/02\/17\/para-ana-fernandez-y-victor-cotomexico-4-anos\/","title":{"rendered":"\u00a1\u00a1PARA ANA FERNANDEZ Y VICTOR COTO(MEXICO 4 A\u00d1OS ) !!"},"content":{"rendered":"<p><a href=\"https:\/\/static-blogs.elcomercio.es\/wp-content\/uploads\/sites\/15\/2018\/10\/99999.jpeg\">rafael fernandez tomas, en el bosque de Chapultepec, en 1944, cuando no sab\u00eca que existir\u00ecan los ordenadores, y ustesdes no nac\u00edan.<img loading=\"lazy\" class=\"alignnone size-full wp-image-5537\" src=\"https:\/\/static-blogs.elcomercio.es\/wp-content\/uploads\/sites\/15\/2018\/10\/99999.jpeg\" alt=\"\" width=\"780\" height=\"1004\" srcset=\"https:\/\/static-blogs.elcomercio.es\/wp-content\/uploads\/sites\/15\/2018\/10\/99999.jpeg 780w, https:\/\/static-blogs.elcomercio.es\/wp-content\/uploads\/sites\/15\/2018\/10\/99999-233x300.jpeg 233w, https:\/\/static-blogs.elcomercio.es\/wp-content\/uploads\/sites\/15\/2018\/10\/99999-768x989.jpeg 768w\" sizes=\"(max-width: 780px) 100vw, 780px\" \/><\/a><\/p>\n<!-- AddThis Advanced Settings generic via filter on the_content --><!-- AddThis Share Buttons generic via filter on the_content -->","protected":false},"excerpt":{"rendered":"<p>rafael fernandez tomas, en el bosque de Chapultepec, en 1944, cuando no sab\u00eca que existir\u00ecan los ordenadores, y ustesdes no nac\u00edan.<!-- AddThis Advanced Settings generic via filter on get_the_excerpt --><!-- AddThis Share Buttons generic via filter on get_the_excerpt --><\/p>\n","protected":false},"author":16,"featured_media":0,"comment_status":"open","ping_status":"closed","sticky":false,"template":"","format":"standard","meta":[],"categories":[1],"tags":[],"_links":{"self":[{"href":"https:\/\/blogs.elcomercio.es\/reflexiones-de-belarmino\/wp-json\/wp\/v2\/posts\/13310"}],"collection":[{"href":"https:\/\/blogs.elcomercio.es\/reflexiones-de-belarmino\/wp-json\/wp\/v2\/posts"}],"about":[{"href":"https:\/\/blogs.elcomercio.es\/reflexiones-de-belarmino\/wp-json\/wp\/v2\/types\/post"}],"author":[{"embeddable":true,"href":"https:\/\/blogs.elcomercio.es\/reflexiones-de-belarmino\/wp-json\/wp\/v2\/users\/16"}],"replies":[{"embeddable":true,"href":"https:\/\/blogs.elcomercio.es\/reflexiones-de-belarmino\/wp-json\/wp\/v2\/comments?post=13310"}],"version-history":[{"count":3,"href":"https:\/\/blogs.elcomercio.es\/reflexiones-de-belarmino\/wp-json\/wp\/v2\/posts\/13310\/revisions"}],"predecessor-version":[{"id":13313,"href":"https:\/\/blogs.elcomercio.es\/reflexiones-de-belarmino\/wp-json\/wp\/v2\/posts\/13310\/revisions\/13313"}],"wp:attachment":[{"href":"https:\/\/blogs.elcomercio.es\/reflexiones-de-belarmino\/wp-json\/wp\/v2\/media?parent=13310"}],"wp:term":[{"taxonomy":"category","embeddable":true,"href":"https:\/\/blogs.elcomercio.es\/reflexiones-de-belarmino\/wp-json\/wp\/v2\/categories?post=13310"},{"taxonomy":"post_tag","embeddable":true,"href":"https:\/\/blogs.elcomercio.es\/reflexiones-de-belarmino\/wp-json\/wp\/v2\/tags?post=13310"}],"curies":[{"name":"wp","href":"https:\/\/api.w.org\/{rel}","templated":true}]}}