{"id":13374,"date":"2020-02-21T11:31:32","date_gmt":"2020-02-21T10:31:32","guid":{"rendered":"https:\/\/blogs.elcomercio.es\/reflexiones-de-belarmino\/?p=13374"},"modified":"2020-02-21T11:31:32","modified_gmt":"2020-02-21T10:31:32","slug":"los-75000-millones-del-reino-unido-y-los-agricultores-espanoles","status":"publish","type":"post","link":"https:\/\/blogs.elcomercio.es\/reflexiones-de-belarmino\/2020\/02\/21\/los-75000-millones-del-reino-unido-y-los-agricultores-espanoles\/","title":{"rendered":"\u00a1\u00a1LOS 75,000 MILLONES DEL REINO UNIDO Y LOS AGRICULTORES ESPA\u00d1OLES !!"},"content":{"rendered":"<p><strong>Como se dice, &#8220;cuando eramos pocos, pari\u00f2 la abuela &#8220;.El movimiento de los agricultores espa\u00f1oles no era aislado, sino europeo y por que sab\u00edan la importante del nuevo presupuesto de la Uni\u00f2n Europea.<\/strong><\/p>\n<p><strong>Y ten\u00ecan raz\u00f2n. Ayer reunidos los 27 golpe\u00f2 duramente a algunos paises como a Espa\u00f1a y algunos sectores como los apoyos al campo.Divididos los 27, de nuevo, tuvieron ahora que asumir los 75,000 millones de euros que han dejado de pagar el Reino Unido lo que obliga a ahacer recortes.<\/strong><\/p>\n<p><strong>Ayer, cuatro paises ricos Holanda, Dinamarca, Suecia y Austria apoyaron las rebajas del 14 % de para los Fondos Agricolas Comunitarios(PAC) y el 12 % para los Fondos de Gesti\u00f2n, para ajustar las cuentas por los 75,000\u00a0 millones que aportaba el Reino Unido.<\/strong><\/p>\n<p><strong>Ha golpeado esta decisi\u00f2n a una gran cantidad de paises que estaban en contra de los recortes, entre ellos a Espa\u00f1a, que enfrenta el problema agrario con un plus m\u00e0s en contra: la reducci\u00f2n del 14 % de los fondos del PAC.<\/strong><\/p>\n<p><strong>Las ojeras del presidente del gobierno Pedro Sanchez, mostraban ya las largas jornadas de negociaciones internas y externas.<\/strong><\/p>\n<p><strong>El representante de los Paises Bajos fu\u00e9 claro, al saber que ante la falta de acuerdo de la cumbre de ayer, el Presidente Charles Michel cit\u00f3 hoy de nuevo a los l\u00ecderes y que se ha reiniciado hace 20 minutos en Bruselas, dijo :&#8221;estar\u00e8 todo el tiempo que sea necesario pero no habar\u00e1 acuerdo.&#8221;<\/strong><\/p>\n<p><strong>Y ah\u00ec habl\u00f3 el presidente del pa\u00ecs que en los 1,500, para adornar los rellenos de tierra y\u00a0 equilibrarlos al nivel del mar, trajo de Turqu\u00eca aquellos tulipanes que fueron, en aquella \u00e9poca, el referente a la econom\u00eca.El mercado a futuros empez\u00f3 en aquella \u00e9poca con los tulipanes.<\/strong><\/p>\n<p>&nbsp;<\/p>\n<!-- AddThis Advanced Settings generic via filter on the_content --><!-- AddThis Share Buttons generic via filter on the_content -->","protected":false},"excerpt":{"rendered":"<p>Como se dice, &#8220;cuando eramos pocos, pari\u00f2 la abuela &#8220;.El movimiento de los agricultores espa\u00f1oles no era aislado, sino europeo y por que sab\u00edan la importante del nuevo presupuesto de la Uni\u00f2n Europea. Y ten\u00ecan raz\u00f2n. Ayer reunidos los 27 golpe\u00f2 duramente a algunos paises como a Espa\u00f1a y algunos sectores como los apoyos al [&hellip;]<!-- AddThis Advanced Settings generic via filter on get_the_excerpt --><!-- AddThis Share Buttons generic via filter on get_the_excerpt --><\/p>\n","protected":false},"author":16,"featured_media":0,"comment_status":"open","ping_status":"closed","sticky":false,"template":"","format":"standard","meta":[],"categories":[1],"tags":[],"_links":{"self":[{"href":"https:\/\/blogs.elcomercio.es\/reflexiones-de-belarmino\/wp-json\/wp\/v2\/posts\/13374"}],"collection":[{"href":"https:\/\/blogs.elcomercio.es\/reflexiones-de-belarmino\/wp-json\/wp\/v2\/posts"}],"about":[{"href":"https:\/\/blogs.elcomercio.es\/reflexiones-de-belarmino\/wp-json\/wp\/v2\/types\/post"}],"author":[{"embeddable":true,"href":"https:\/\/blogs.elcomercio.es\/reflexiones-de-belarmino\/wp-json\/wp\/v2\/users\/16"}],"replies":[{"embeddable":true,"href":"https:\/\/blogs.elcomercio.es\/reflexiones-de-belarmino\/wp-json\/wp\/v2\/comments?post=13374"}],"version-history":[{"count":3,"href":"https:\/\/blogs.elcomercio.es\/reflexiones-de-belarmino\/wp-json\/wp\/v2\/posts\/13374\/revisions"}],"predecessor-version":[{"id":13377,"href":"https:\/\/blogs.elcomercio.es\/reflexiones-de-belarmino\/wp-json\/wp\/v2\/posts\/13374\/revisions\/13377"}],"wp:attachment":[{"href":"https:\/\/blogs.elcomercio.es\/reflexiones-de-belarmino\/wp-json\/wp\/v2\/media?parent=13374"}],"wp:term":[{"taxonomy":"category","embeddable":true,"href":"https:\/\/blogs.elcomercio.es\/reflexiones-de-belarmino\/wp-json\/wp\/v2\/categories?post=13374"},{"taxonomy":"post_tag","embeddable":true,"href":"https:\/\/blogs.elcomercio.es\/reflexiones-de-belarmino\/wp-json\/wp\/v2\/tags?post=13374"}],"curies":[{"name":"wp","href":"https:\/\/api.w.org\/{rel}","templated":true}]}}