{"id":13480,"date":"2020-02-25T11:23:35","date_gmt":"2020-02-25T10:23:35","guid":{"rendered":"https:\/\/blogs.elcomercio.es\/reflexiones-de-belarmino\/?p=13480"},"modified":"2020-02-25T11:23:35","modified_gmt":"2020-02-25T10:23:35","slug":"la-palabra-reconquista-se-implanta-en-1796-tras-la-revolucio-francesa-como-parte-del-simbolo-de-un-sector-de-la-nacion-kamen","status":"publish","type":"post","link":"https:\/\/blogs.elcomercio.es\/reflexiones-de-belarmino\/2020\/02\/25\/la-palabra-reconquista-se-implanta-en-1796-tras-la-revolucio-francesa-como-parte-del-simbolo-de-un-sector-de-la-nacion-kamen\/","title":{"rendered":"\u00a1\u00a1LA PALABRA RECONQUISTA SE IMPLANTA EN 1796, TRAS LA REVOLUCIO FRANCESA, COMO PARTE DEL SIMBOLO DE UN SECTOR DE LA NACION&#8221; : KAMEN. !!!"},"content":{"rendered":"<p><strong>&#8220;Ninguna Reconquista ha durado 8 siglos. El tema ha sido manipulado, al grado de que no fu\u00e9 utilizado hasta 1796, al termino de la Revoluci\u00f2n Francesa, como una parte minoritaria del pueblo espa\u00f1ol, para recurrir a un pasado que no fue as\u00ec, y enfrentar las ideas de la Revoluci\u00f3n Francesa y su liberalismo.&#8221;: Henry Manden.<\/strong><\/p>\n<p><strong>Dejamos ah\u00eca esa informaci\u00f2n.<\/strong><\/p>\n<!-- AddThis Advanced Settings generic via filter on the_content --><!-- AddThis Share Buttons generic via filter on the_content -->","protected":false},"excerpt":{"rendered":"<p>&#8220;Ninguna Reconquista ha durado 8 siglos. El tema ha sido manipulado, al grado de que no fu\u00e9 utilizado hasta 1796, al termino de la Revoluci\u00f2n Francesa, como una parte minoritaria del pueblo espa\u00f1ol, para recurrir a un pasado que no fue as\u00ec, y enfrentar las ideas de la Revoluci\u00f3n Francesa y su liberalismo.&#8221;: Henry Manden. [&hellip;]<!-- AddThis Advanced Settings generic via filter on get_the_excerpt --><!-- AddThis Share Buttons generic via filter on get_the_excerpt --><\/p>\n","protected":false},"author":16,"featured_media":0,"comment_status":"open","ping_status":"closed","sticky":false,"template":"","format":"standard","meta":[],"categories":[1],"tags":[],"_links":{"self":[{"href":"https:\/\/blogs.elcomercio.es\/reflexiones-de-belarmino\/wp-json\/wp\/v2\/posts\/13480"}],"collection":[{"href":"https:\/\/blogs.elcomercio.es\/reflexiones-de-belarmino\/wp-json\/wp\/v2\/posts"}],"about":[{"href":"https:\/\/blogs.elcomercio.es\/reflexiones-de-belarmino\/wp-json\/wp\/v2\/types\/post"}],"author":[{"embeddable":true,"href":"https:\/\/blogs.elcomercio.es\/reflexiones-de-belarmino\/wp-json\/wp\/v2\/users\/16"}],"replies":[{"embeddable":true,"href":"https:\/\/blogs.elcomercio.es\/reflexiones-de-belarmino\/wp-json\/wp\/v2\/comments?post=13480"}],"version-history":[{"count":2,"href":"https:\/\/blogs.elcomercio.es\/reflexiones-de-belarmino\/wp-json\/wp\/v2\/posts\/13480\/revisions"}],"predecessor-version":[{"id":13482,"href":"https:\/\/blogs.elcomercio.es\/reflexiones-de-belarmino\/wp-json\/wp\/v2\/posts\/13480\/revisions\/13482"}],"wp:attachment":[{"href":"https:\/\/blogs.elcomercio.es\/reflexiones-de-belarmino\/wp-json\/wp\/v2\/media?parent=13480"}],"wp:term":[{"taxonomy":"category","embeddable":true,"href":"https:\/\/blogs.elcomercio.es\/reflexiones-de-belarmino\/wp-json\/wp\/v2\/categories?post=13480"},{"taxonomy":"post_tag","embeddable":true,"href":"https:\/\/blogs.elcomercio.es\/reflexiones-de-belarmino\/wp-json\/wp\/v2\/tags?post=13480"}],"curies":[{"name":"wp","href":"https:\/\/api.w.org\/{rel}","templated":true}]}}