{"id":13492,"date":"2020-02-25T19:15:50","date_gmt":"2020-02-25T18:15:50","guid":{"rendered":"https:\/\/blogs.elcomercio.es\/reflexiones-de-belarmino\/?p=13492"},"modified":"2020-02-25T19:15:50","modified_gmt":"2020-02-25T18:15:50","slug":"espana-considera-paises-de-riesgo-a-china-japon-e-italia-considera-el-sistema-de-salud","status":"publish","type":"post","link":"https:\/\/blogs.elcomercio.es\/reflexiones-de-belarmino\/2020\/02\/25\/espana-considera-paises-de-riesgo-a-china-japon-e-italia-considera-el-sistema-de-salud\/","title":{"rendered":"\u00a1\u00a1 ESPA\u00d1A CONSIDERA PAISES DE RIESGO A CHINA, JAPON E ITALIA, CONSIDERA EL SISTEMA DE SALUD !!"},"content":{"rendered":"<p><strong>Hoy en el Colegio de Ministros en la ma\u00f1ana y en la tarde en Ministerio de Salud con representantes de todas las autonom\u00ecas, han considerado como particular riesgo los pasajeros que hayan estado en China, Jap\u00f2n e Italia.<\/strong><\/p>\n<p>&nbsp;<\/p>\n<!-- AddThis Advanced Settings generic via filter on the_content --><!-- AddThis Share Buttons generic via filter on the_content -->","protected":false},"excerpt":{"rendered":"<p>Hoy en el Colegio de Ministros en la ma\u00f1ana y en la tarde en Ministerio de Salud con representantes de todas las autonom\u00ecas, han considerado como particular riesgo los pasajeros que hayan estado en China, Jap\u00f2n e Italia. &nbsp;<!-- AddThis Advanced Settings generic via filter on get_the_excerpt --><!-- AddThis Share Buttons generic via filter on get_the_excerpt --><\/p>\n","protected":false},"author":16,"featured_media":0,"comment_status":"open","ping_status":"closed","sticky":false,"template":"","format":"standard","meta":[],"categories":[1],"tags":[],"_links":{"self":[{"href":"https:\/\/blogs.elcomercio.es\/reflexiones-de-belarmino\/wp-json\/wp\/v2\/posts\/13492"}],"collection":[{"href":"https:\/\/blogs.elcomercio.es\/reflexiones-de-belarmino\/wp-json\/wp\/v2\/posts"}],"about":[{"href":"https:\/\/blogs.elcomercio.es\/reflexiones-de-belarmino\/wp-json\/wp\/v2\/types\/post"}],"author":[{"embeddable":true,"href":"https:\/\/blogs.elcomercio.es\/reflexiones-de-belarmino\/wp-json\/wp\/v2\/users\/16"}],"replies":[{"embeddable":true,"href":"https:\/\/blogs.elcomercio.es\/reflexiones-de-belarmino\/wp-json\/wp\/v2\/comments?post=13492"}],"version-history":[{"count":2,"href":"https:\/\/blogs.elcomercio.es\/reflexiones-de-belarmino\/wp-json\/wp\/v2\/posts\/13492\/revisions"}],"predecessor-version":[{"id":13494,"href":"https:\/\/blogs.elcomercio.es\/reflexiones-de-belarmino\/wp-json\/wp\/v2\/posts\/13492\/revisions\/13494"}],"wp:attachment":[{"href":"https:\/\/blogs.elcomercio.es\/reflexiones-de-belarmino\/wp-json\/wp\/v2\/media?parent=13492"}],"wp:term":[{"taxonomy":"category","embeddable":true,"href":"https:\/\/blogs.elcomercio.es\/reflexiones-de-belarmino\/wp-json\/wp\/v2\/categories?post=13492"},{"taxonomy":"post_tag","embeddable":true,"href":"https:\/\/blogs.elcomercio.es\/reflexiones-de-belarmino\/wp-json\/wp\/v2\/tags?post=13492"}],"curies":[{"name":"wp","href":"https:\/\/api.w.org\/{rel}","templated":true}]}}