{"id":13659,"date":"2020-03-02T14:01:40","date_gmt":"2020-03-02T13:01:40","guid":{"rendered":"https:\/\/blogs.elcomercio.es\/reflexiones-de-belarmino\/?p=13659"},"modified":"2020-03-02T14:01:40","modified_gmt":"2020-03-02T13:01:40","slug":"115-en-espana-torrejon-y-corea-del-sur-evangelicos","status":"publish","type":"post","link":"https:\/\/blogs.elcomercio.es\/reflexiones-de-belarmino\/2020\/03\/02\/115-en-espana-torrejon-y-corea-del-sur-evangelicos\/","title":{"rendered":"\u00a1\u00a1\u00a1 115 EN ESPA\u00d1A.- TORREJON Y COREA DEL SUR EVANGELICOS !!"},"content":{"rendered":"<p><strong>Ya hay 115 contagiados en Espa\u00f1a, y Fernando Sim\u00f2n ha planteado tomar otras medidas en algunas zonas, con restricciones severas no s\u00f2lo a nivel sanitario, sino econ\u00f3mico.<br \/>\n<\/strong><\/p>\n<p><strong>En Torrej\u00f2n, donde hay uno de los grandes grupos, est\u00e0 siendo investigado un grupo religioso eveng\u00e9lico.Casualmente en Corea del Sur hoy pidi\u00f2 perdon el lider de una Iglesia con 9,000 miembros que fue la base de la difusi\u00f2n del virus en ese pa\u00ecs.<\/strong><\/p>\n<p><strong>No se difundido el nombre de la secta evangelista en Torrej\u00f2n, pero llama la atenci\u00f2n de que en grupos cerrados puedan estar silenciando informaci\u00f3n.<\/strong><\/p>\n<p><strong>El problema es que sigue creciendo y ya llegamos a 115 casos, cuatro de ellos graves y las medidas ir\u00e1n en ascenso.<\/strong><\/p>\n<p><strong>En Europa el Centro Europeo de control de enfermedades, acaba de pasar el riesgo de moderado a alto<\/strong><\/p>\n<!-- AddThis Advanced Settings generic via filter on the_content --><!-- AddThis Share Buttons generic via filter on the_content -->","protected":false},"excerpt":{"rendered":"<p>Ya hay 115 contagiados en Espa\u00f1a, y Fernando Sim\u00f2n ha planteado tomar otras medidas en algunas zonas, con restricciones severas no s\u00f2lo a nivel sanitario, sino econ\u00f3mico. En Torrej\u00f2n, donde hay uno de los grandes grupos, est\u00e0 siendo investigado un grupo religioso eveng\u00e9lico.Casualmente en Corea del Sur hoy pidi\u00f2 perdon el lider de una Iglesia [&hellip;]<!-- AddThis Advanced Settings generic via filter on get_the_excerpt --><!-- AddThis Share Buttons generic via filter on get_the_excerpt --><\/p>\n","protected":false},"author":16,"featured_media":0,"comment_status":"open","ping_status":"closed","sticky":false,"template":"","format":"standard","meta":[],"categories":[1],"tags":[],"_links":{"self":[{"href":"https:\/\/blogs.elcomercio.es\/reflexiones-de-belarmino\/wp-json\/wp\/v2\/posts\/13659"}],"collection":[{"href":"https:\/\/blogs.elcomercio.es\/reflexiones-de-belarmino\/wp-json\/wp\/v2\/posts"}],"about":[{"href":"https:\/\/blogs.elcomercio.es\/reflexiones-de-belarmino\/wp-json\/wp\/v2\/types\/post"}],"author":[{"embeddable":true,"href":"https:\/\/blogs.elcomercio.es\/reflexiones-de-belarmino\/wp-json\/wp\/v2\/users\/16"}],"replies":[{"embeddable":true,"href":"https:\/\/blogs.elcomercio.es\/reflexiones-de-belarmino\/wp-json\/wp\/v2\/comments?post=13659"}],"version-history":[{"count":3,"href":"https:\/\/blogs.elcomercio.es\/reflexiones-de-belarmino\/wp-json\/wp\/v2\/posts\/13659\/revisions"}],"predecessor-version":[{"id":13662,"href":"https:\/\/blogs.elcomercio.es\/reflexiones-de-belarmino\/wp-json\/wp\/v2\/posts\/13659\/revisions\/13662"}],"wp:attachment":[{"href":"https:\/\/blogs.elcomercio.es\/reflexiones-de-belarmino\/wp-json\/wp\/v2\/media?parent=13659"}],"wp:term":[{"taxonomy":"category","embeddable":true,"href":"https:\/\/blogs.elcomercio.es\/reflexiones-de-belarmino\/wp-json\/wp\/v2\/categories?post=13659"},{"taxonomy":"post_tag","embeddable":true,"href":"https:\/\/blogs.elcomercio.es\/reflexiones-de-belarmino\/wp-json\/wp\/v2\/tags?post=13659"}],"curies":[{"name":"wp","href":"https:\/\/api.w.org\/{rel}","templated":true}]}}