{"id":13663,"date":"2020-03-02T14:40:12","date_gmt":"2020-03-02T13:40:12","guid":{"rendered":"https:\/\/blogs.elcomercio.es\/reflexiones-de-belarmino\/?p=13663"},"modified":"2020-03-02T14:40:12","modified_gmt":"2020-03-02T13:40:12","slug":"sanidad-estudia-suspender-clases-y-recomienda-el-teletrabajo-en-torrejon-y-victoria","status":"publish","type":"post","link":"https:\/\/blogs.elcomercio.es\/reflexiones-de-belarmino\/2020\/03\/02\/sanidad-estudia-suspender-clases-y-recomienda-el-teletrabajo-en-torrejon-y-victoria\/","title":{"rendered":"\u00a1\u00a1SANIDAD ESTUDIA SUSPENDER CLASES Y RECOMIENDA EL TELETRABAJO  EN TORREJ\u00d2N Y VICTORIA !!"},"content":{"rendered":"<p><strong>Hace un momento el Ministerio de Sanidad inform\u00f2 que est\u00e0 estudiando suspender clases y sugerir el trabajo teledirigido en Torrej\u00f3n y en Victoria.<\/strong><\/p>\n<!-- AddThis Advanced Settings generic via filter on the_content --><!-- AddThis Share Buttons generic via filter on the_content -->","protected":false},"excerpt":{"rendered":"<p>Hace un momento el Ministerio de Sanidad inform\u00f2 que est\u00e0 estudiando suspender clases y sugerir el trabajo teledirigido en Torrej\u00f3n y en Victoria.<!-- AddThis Advanced Settings generic via filter on get_the_excerpt --><!-- AddThis Share Buttons generic via filter on get_the_excerpt --><\/p>\n","protected":false},"author":16,"featured_media":0,"comment_status":"open","ping_status":"closed","sticky":false,"template":"","format":"standard","meta":[],"categories":[1],"tags":[],"_links":{"self":[{"href":"https:\/\/blogs.elcomercio.es\/reflexiones-de-belarmino\/wp-json\/wp\/v2\/posts\/13663"}],"collection":[{"href":"https:\/\/blogs.elcomercio.es\/reflexiones-de-belarmino\/wp-json\/wp\/v2\/posts"}],"about":[{"href":"https:\/\/blogs.elcomercio.es\/reflexiones-de-belarmino\/wp-json\/wp\/v2\/types\/post"}],"author":[{"embeddable":true,"href":"https:\/\/blogs.elcomercio.es\/reflexiones-de-belarmino\/wp-json\/wp\/v2\/users\/16"}],"replies":[{"embeddable":true,"href":"https:\/\/blogs.elcomercio.es\/reflexiones-de-belarmino\/wp-json\/wp\/v2\/comments?post=13663"}],"version-history":[{"count":2,"href":"https:\/\/blogs.elcomercio.es\/reflexiones-de-belarmino\/wp-json\/wp\/v2\/posts\/13663\/revisions"}],"predecessor-version":[{"id":13665,"href":"https:\/\/blogs.elcomercio.es\/reflexiones-de-belarmino\/wp-json\/wp\/v2\/posts\/13663\/revisions\/13665"}],"wp:attachment":[{"href":"https:\/\/blogs.elcomercio.es\/reflexiones-de-belarmino\/wp-json\/wp\/v2\/media?parent=13663"}],"wp:term":[{"taxonomy":"category","embeddable":true,"href":"https:\/\/blogs.elcomercio.es\/reflexiones-de-belarmino\/wp-json\/wp\/v2\/categories?post=13663"},{"taxonomy":"post_tag","embeddable":true,"href":"https:\/\/blogs.elcomercio.es\/reflexiones-de-belarmino\/wp-json\/wp\/v2\/tags?post=13663"}],"curies":[{"name":"wp","href":"https:\/\/api.w.org\/{rel}","templated":true}]}}