{"id":13666,"date":"2020-03-02T19:48:08","date_gmt":"2020-03-02T18:48:08","guid":{"rendered":"https:\/\/blogs.elcomercio.es\/reflexiones-de-belarmino\/?p=13666"},"modified":"2020-03-02T19:48:08","modified_gmt":"2020-03-02T18:48:08","slug":"erc-se-desmarca-de-junts-per-cat-y-reivindica-la-mesa-del-dialogo","status":"publish","type":"post","link":"https:\/\/blogs.elcomercio.es\/reflexiones-de-belarmino\/2020\/03\/02\/erc-se-desmarca-de-junts-per-cat-y-reivindica-la-mesa-del-dialogo\/","title":{"rendered":"\u00a1\u00a1\u00a1 ERC  SE DESMARCA DE JUNTS PER CAT, Y REIVINDICA LA MESA DEL DI\u00c1LOGO !!"},"content":{"rendered":"<p><strong>Se ve\u00eca\u00a0 venir. Tras el desafiante y cerrado discurso de Puigdemont en domingo en Perpignan, Francia, hoy Ezquerra Republicana de Catalu\u00f1a, les di\u00f2 la respuesta: Su estrategia y su t\u00e0ctica son las de siempre, las de toda la vida, las de ERC.<\/strong><\/p>\n<p><strong>Buscar en el futuro la auitodeteminaci\u00f3n y la Rep\u00fablica, pero paso a paso y con el dialogo por delante, mientras fortalecen sus posiciones.<\/strong><\/p>\n<p><strong>Cuando el Gobierno de Sanchez ha cumplido con la Mesa del Di\u00e1logo, y al fijar mes por mes ha dado tiempo a que surjan los Presupuestos Generales del Estado y se da tiempo para mostrara a los catalanes, que no fue correcto, ni util el salto al vac\u00edo del 1 de O.<\/strong><\/p>\n<p><strong>La derecha catalana y la derecha espa\u00f1ola, tienen una caracter\u00edstica, de quien se siente en la oposicion sin posibilidad de gobernar: Es elevar el tono, ir al encontronazo, lo cual es pol\u00ectica es muestra de debilidad no de fortaleza.<\/strong><\/p>\n<p><strong>Tanto irita a la mayor\u00eda de los espa\u00f1oles los desafios y gritos de Puigdemont, que reuni\u00f3 con autobuses 150,000 personas, como el mismo uso de los mismos para el escenario de Vox.<\/strong><\/p>\n<p>&nbsp;<\/p>\n<p>&nbsp;<\/p>\n<!-- AddThis Advanced Settings generic via filter on the_content --><!-- AddThis Share Buttons generic via filter on the_content -->","protected":false},"excerpt":{"rendered":"<p>Se ve\u00eca\u00a0 venir. Tras el desafiante y cerrado discurso de Puigdemont en domingo en Perpignan, Francia, hoy Ezquerra Republicana de Catalu\u00f1a, les di\u00f2 la respuesta: Su estrategia y su t\u00e0ctica son las de siempre, las de toda la vida, las de ERC. Buscar en el futuro la auitodeteminaci\u00f3n y la Rep\u00fablica, pero paso a paso [&hellip;]<!-- AddThis Advanced Settings generic via filter on get_the_excerpt --><!-- AddThis Share Buttons generic via filter on get_the_excerpt --><\/p>\n","protected":false},"author":16,"featured_media":0,"comment_status":"open","ping_status":"closed","sticky":false,"template":"","format":"standard","meta":[],"categories":[1],"tags":[],"_links":{"self":[{"href":"https:\/\/blogs.elcomercio.es\/reflexiones-de-belarmino\/wp-json\/wp\/v2\/posts\/13666"}],"collection":[{"href":"https:\/\/blogs.elcomercio.es\/reflexiones-de-belarmino\/wp-json\/wp\/v2\/posts"}],"about":[{"href":"https:\/\/blogs.elcomercio.es\/reflexiones-de-belarmino\/wp-json\/wp\/v2\/types\/post"}],"author":[{"embeddable":true,"href":"https:\/\/blogs.elcomercio.es\/reflexiones-de-belarmino\/wp-json\/wp\/v2\/users\/16"}],"replies":[{"embeddable":true,"href":"https:\/\/blogs.elcomercio.es\/reflexiones-de-belarmino\/wp-json\/wp\/v2\/comments?post=13666"}],"version-history":[{"count":3,"href":"https:\/\/blogs.elcomercio.es\/reflexiones-de-belarmino\/wp-json\/wp\/v2\/posts\/13666\/revisions"}],"predecessor-version":[{"id":13669,"href":"https:\/\/blogs.elcomercio.es\/reflexiones-de-belarmino\/wp-json\/wp\/v2\/posts\/13666\/revisions\/13669"}],"wp:attachment":[{"href":"https:\/\/blogs.elcomercio.es\/reflexiones-de-belarmino\/wp-json\/wp\/v2\/media?parent=13666"}],"wp:term":[{"taxonomy":"category","embeddable":true,"href":"https:\/\/blogs.elcomercio.es\/reflexiones-de-belarmino\/wp-json\/wp\/v2\/categories?post=13666"},{"taxonomy":"post_tag","embeddable":true,"href":"https:\/\/blogs.elcomercio.es\/reflexiones-de-belarmino\/wp-json\/wp\/v2\/tags?post=13666"}],"curies":[{"name":"wp","href":"https:\/\/api.w.org\/{rel}","templated":true}]}}