{"id":13689,"date":"2020-03-04T11:20:44","date_gmt":"2020-03-04T10:20:44","guid":{"rendered":"https:\/\/blogs.elcomercio.es\/reflexiones-de-belarmino\/?p=13689"},"modified":"2020-03-04T11:20:44","modified_gmt":"2020-03-04T10:20:44","slug":"espana-1-fallecido-155-contagiados-2-de-ellos-en-asturias","status":"publish","type":"post","link":"https:\/\/blogs.elcomercio.es\/reflexiones-de-belarmino\/2020\/03\/04\/espana-1-fallecido-155-contagiados-2-de-ellos-en-asturias\/","title":{"rendered":"\u00a1\u00a1ESPA\u00d1A. 1 FALLECIDO, 155 CONTAGIADOS ,2 DE ELLOS EN ASTURIAS !!"},"content":{"rendered":"<p><strong>Sigue la extensi\u00f2n del CVID-19, que llega a 70 paises en estos momentos.En Espa\u00f1a lleg\u00f3 a 155 el numero de contagiados, 2 de ellos en Asturias( uno en Llanes y una se\u00f1ora de 85 a\u00f1os en Gij\u00f3n ).Los contagiados suman 85,000 pero son m\u00e0s de 20,000 que han sido curados,.<\/strong><\/p>\n<p><strong>El Banco Mundial ha destinado 7,100 millones de d\u00f2lares para enfrentar el virus.<\/strong><\/p>\n<p><strong>El caso de Vitoria es el m\u00e1s delicado por haberse contagiado decenas de medicos y enfermeras de un hospital.El Gobierno vasco est\u00e0 contratando medicos y enfermeras para que no tengan desequilibrio.<\/strong><\/p>\n<p><strong>Llama la atencion como detectamos en Espa\u00f1a al fallecido de Valencia.El hombre que falleci\u00f2, hab\u00eda entrado y fallecido por neumon\u00eda, pero dado que hab\u00eca estado en Nepal, al hacerle la autopsia, se supo que finalmente ten\u00eca el Coronavirus.<\/strong><\/p>\n<p><strong>En M\u00e8xico hay 5 contagiados y uno en chile y otro Argentina, todos venidos de Italia<\/strong><\/p>\n<p><strong>Mantenemos, los paises m\u00e0s afectados son aquellos que est\u00e0n en invierno donde la incubaci\u00f2n es de 28 d\u00edas y al pasar de 30 grados, la incubaci\u00f2n es de un d\u00eda, motivo por el cual en este blogs estimamos que la mayor parte de Am\u00e8rica Latina y la mayor parte de Africa tienen poco contagios.<\/strong><\/p>\n<p><strong>Pero hay una nueva enfermedad en el mundo y no podemos bajar la guardia.<\/strong><\/p>\n<!-- AddThis Advanced Settings generic via filter on the_content --><!-- AddThis Share Buttons generic via filter on the_content -->","protected":false},"excerpt":{"rendered":"<p>Sigue la extensi\u00f2n del CVID-19, que llega a 70 paises en estos momentos.En Espa\u00f1a lleg\u00f3 a 155 el numero de contagiados, 2 de ellos en Asturias( uno en Llanes y una se\u00f1ora de 85 a\u00f1os en Gij\u00f3n ).Los contagiados suman 85,000 pero son m\u00e0s de 20,000 que han sido curados,. El Banco Mundial ha destinado [&hellip;]<!-- AddThis Advanced Settings generic via filter on get_the_excerpt --><!-- AddThis Share Buttons generic via filter on get_the_excerpt --><\/p>\n","protected":false},"author":16,"featured_media":0,"comment_status":"open","ping_status":"closed","sticky":false,"template":"","format":"standard","meta":[],"categories":[1],"tags":[],"_links":{"self":[{"href":"https:\/\/blogs.elcomercio.es\/reflexiones-de-belarmino\/wp-json\/wp\/v2\/posts\/13689"}],"collection":[{"href":"https:\/\/blogs.elcomercio.es\/reflexiones-de-belarmino\/wp-json\/wp\/v2\/posts"}],"about":[{"href":"https:\/\/blogs.elcomercio.es\/reflexiones-de-belarmino\/wp-json\/wp\/v2\/types\/post"}],"author":[{"embeddable":true,"href":"https:\/\/blogs.elcomercio.es\/reflexiones-de-belarmino\/wp-json\/wp\/v2\/users\/16"}],"replies":[{"embeddable":true,"href":"https:\/\/blogs.elcomercio.es\/reflexiones-de-belarmino\/wp-json\/wp\/v2\/comments?post=13689"}],"version-history":[{"count":3,"href":"https:\/\/blogs.elcomercio.es\/reflexiones-de-belarmino\/wp-json\/wp\/v2\/posts\/13689\/revisions"}],"predecessor-version":[{"id":13692,"href":"https:\/\/blogs.elcomercio.es\/reflexiones-de-belarmino\/wp-json\/wp\/v2\/posts\/13689\/revisions\/13692"}],"wp:attachment":[{"href":"https:\/\/blogs.elcomercio.es\/reflexiones-de-belarmino\/wp-json\/wp\/v2\/media?parent=13689"}],"wp:term":[{"taxonomy":"category","embeddable":true,"href":"https:\/\/blogs.elcomercio.es\/reflexiones-de-belarmino\/wp-json\/wp\/v2\/categories?post=13689"},{"taxonomy":"post_tag","embeddable":true,"href":"https:\/\/blogs.elcomercio.es\/reflexiones-de-belarmino\/wp-json\/wp\/v2\/tags?post=13689"}],"curies":[{"name":"wp","href":"https:\/\/api.w.org\/{rel}","templated":true}]}}