{"id":13699,"date":"2020-03-04T13:37:15","date_gmt":"2020-03-04T12:37:15","guid":{"rendered":"https:\/\/blogs.elcomercio.es\/reflexiones-de-belarmino\/?p=13699"},"modified":"2020-03-04T13:37:15","modified_gmt":"2020-03-04T12:37:15","slug":"tres-menoresuna-de-4-anos-en-madrid-contagiados-en-espana-ya-pasan-de-200","status":"publish","type":"post","link":"https:\/\/blogs.elcomercio.es\/reflexiones-de-belarmino\/2020\/03\/04\/tres-menoresuna-de-4-anos-en-madrid-contagiados-en-espana-ya-pasan-de-200\/","title":{"rendered":"\u00a1\u00a1\u00a1 TRES MENORES,UNA DE 4 A\u00d1OS EN MADRID, CONTAGIADOS EN ESPA\u00d1A.-YA PASAN DE 200 !!"},"content":{"rendered":"<p><strong>Aunque en forma benigna, hoy ha habido tres casos de menores contagiados en Espa\u00f1a, entre ellos una ni\u00f1a de 4 a\u00f1os en Madrid.No se preveen cierre de colegios.<\/strong><\/p>\n<p><strong>Hay ya mas de 200 en Espa\u00f1a y un s\u00f3lo fallecido.<\/strong><\/p>\n<!-- AddThis Advanced Settings generic via filter on the_content --><!-- AddThis Share Buttons generic via filter on the_content -->","protected":false},"excerpt":{"rendered":"<p>Aunque en forma benigna, hoy ha habido tres casos de menores contagiados en Espa\u00f1a, entre ellos una ni\u00f1a de 4 a\u00f1os en Madrid.No se preveen cierre de colegios. Hay ya mas de 200 en Espa\u00f1a y un s\u00f3lo fallecido.<!-- AddThis Advanced Settings generic via filter on get_the_excerpt --><!-- AddThis Share Buttons generic via filter on get_the_excerpt --><\/p>\n","protected":false},"author":16,"featured_media":0,"comment_status":"open","ping_status":"closed","sticky":false,"template":"","format":"standard","meta":[],"categories":[1],"tags":[],"_links":{"self":[{"href":"https:\/\/blogs.elcomercio.es\/reflexiones-de-belarmino\/wp-json\/wp\/v2\/posts\/13699"}],"collection":[{"href":"https:\/\/blogs.elcomercio.es\/reflexiones-de-belarmino\/wp-json\/wp\/v2\/posts"}],"about":[{"href":"https:\/\/blogs.elcomercio.es\/reflexiones-de-belarmino\/wp-json\/wp\/v2\/types\/post"}],"author":[{"embeddable":true,"href":"https:\/\/blogs.elcomercio.es\/reflexiones-de-belarmino\/wp-json\/wp\/v2\/users\/16"}],"replies":[{"embeddable":true,"href":"https:\/\/blogs.elcomercio.es\/reflexiones-de-belarmino\/wp-json\/wp\/v2\/comments?post=13699"}],"version-history":[{"count":2,"href":"https:\/\/blogs.elcomercio.es\/reflexiones-de-belarmino\/wp-json\/wp\/v2\/posts\/13699\/revisions"}],"predecessor-version":[{"id":13701,"href":"https:\/\/blogs.elcomercio.es\/reflexiones-de-belarmino\/wp-json\/wp\/v2\/posts\/13699\/revisions\/13701"}],"wp:attachment":[{"href":"https:\/\/blogs.elcomercio.es\/reflexiones-de-belarmino\/wp-json\/wp\/v2\/media?parent=13699"}],"wp:term":[{"taxonomy":"category","embeddable":true,"href":"https:\/\/blogs.elcomercio.es\/reflexiones-de-belarmino\/wp-json\/wp\/v2\/categories?post=13699"},{"taxonomy":"post_tag","embeddable":true,"href":"https:\/\/blogs.elcomercio.es\/reflexiones-de-belarmino\/wp-json\/wp\/v2\/tags?post=13699"}],"curies":[{"name":"wp","href":"https:\/\/api.w.org\/{rel}","templated":true}]}}