{"id":1370,"date":"2016-09-17T10:28:23","date_gmt":"2016-09-17T08:28:23","guid":{"rendered":"http:\/\/blogs.elcomercio.es\/reflexiones-de-belarmino\/?p=1370"},"modified":"2016-09-17T10:28:23","modified_gmt":"2016-09-17T08:28:23","slug":"huido-de-mexico-vino-a-medrar-del-partido-quien-es-rafael-fernandez-tomas","status":"publish","type":"post","link":"https:\/\/blogs.elcomercio.es\/reflexiones-de-belarmino\/2016\/09\/17\/huido-de-mexico-vino-a-medrar-del-partido-quien-es-rafael-fernandez-tomas\/","title":{"rendered":"\u00bf Huido de M\u00e9xico?,\u00a1 Vino a medrar del partido!.\u00bfQUIEN ES RAFAEL FERNANDEZ TOMAS?"},"content":{"rendered":"<p><strong><em>No interesara lectora o lector, pero tengo la obligaci\u00f3n de que mi vida quede impresa en este blog de ELCOMERCIO.<\/em><\/strong><\/p>\n<p><strong><em>A) DE LO GENERAL:-<\/em><\/strong><\/p>\n<p><strong><em>\u00a0 \u00a0 1) Nacido en ciudad de M\u00e9xico el 29 de febrero de 1940&#8230;&#8230;.2) Casado con Lisbeth Mezqita Argaez, con dos hijas Paloma y Acacia y dos nietos Aaron y Fabiola&#8230;&#8230;.3) Nieto de Belarmino Tom\u00e1s e hijo de Pura Tomas y Rafael Fern\u00e1ndez Alvarez&#8230;&#8230;..4) Con domicilio en Av. PokTaPok en Canc\u00fan y en la calle Martin,en La Calzada,en Gij\u00f3n.<\/em><\/strong><\/p>\n<p><strong><em>B) DE LOS ESTUDIOS.<\/em><\/strong><\/p>\n<p><strong><em>\u00a0 \u00a0 1) Primaria, secundaria y preparatoria en el Colegio Madrid(1946-.1956)&#8230;&#8230;&#8230;2) Cuatro a\u00f1os de Ingenieria Civil en la Universidad Nacional Aut\u00f3noma de M\u00e9xico(1957.1961)&#8230;&#8230;..3) Licenciado en\u00a0Sociolog\u00eda\u00a0en la Universidad Iberoamericana en ciudad de\u00a0M\u00e9xico(1966-1970)&#8230;&#8230;.4))Profesor de Sociolog\u00eda en dicha universidad(1970).<\/em><\/strong><\/p>\n<p><strong><em>3)DE LO LABORAL.<\/em><\/strong><\/p>\n<p><strong><em>1) Jefe de Personal del Banco del Atl\u00e1ntico, filial del Banque National de Par\u00eds(1965 a 1970)&#8230;&#8230;..2) Agente profesional de\u00a0seguros(1970-1990) en Seguros La Comercial y Seguros Am\u00e9rica.Diez y siete a\u00f1os convencionista, tres de ellos internacional(Estocolmo, Las Vegas y\u00a0Par\u00eds), Segundo lugar en ventas \u00a0a nivel nacional en Seguros La Comercial en el ramo de\u00a0da\u00f1os y Primer lugar Nacional en ventas en Seguros Am\u00e9rica en el ramo de vida&#8230;&#8230;.3) Diputado Federal en la LV Legislatura de la C\u00e1mara de Diputados de M\u00e9xico(1991-1994)&#8230;&#8230;&#8230;4)Presidente de la C\u00e1mara de Diputados&#8230;&#8230;&#8230;.5) Asesor de la C\u00e1mara de Diputados (1995-1996)&#8230;&#8230;.6) Sudelegado Jur\u00eddico y de Gobierno de \u00a0la Delegaci\u00f3n de Iztacalco(700,000 habitantes) en el gobierno de Cuauhtemoc C\u00e1rdenas&#8230;&#8230;.7( Director General de Relaciones Laborales y Formaci\u00f3n del Personal en la Delegaci\u00f3n Cuajimalpa en ciudad de M\u00e9xico (2001-2004)&#8230;&#8230;&#8230;8) Administrador de la Uni\u00f3n de Propietarios y Residentes del conjunto PokTapok en Canc\u00fan, Quintana Roo(2005-2007).<\/em><\/strong><\/p>\n<p><strong><em>D) DE LO\u00a0POL\u00cdTICO.<\/em><\/strong><\/p>\n<p><strong><em>1) Secretario de las Juventudes Socialistas de Espa\u00f1a en M\u00e9xico y director del peri\u00f3dico\u00a0Renovaci\u00f3n\u00a0( 1955 a 1967)&#8230;&#8230;.1) Designado por la\u00a0Comisi\u00f3n Ejecutiva Nacional de la JSE,como\u00a0coordinador\u00a0de las representaciones en Galicia, Asturias, Santander y Pa\u00eds\u00a0Vasco para el Congreso en Tolouse(1965)&#8230;&#8230;..4) Detenido en Oviedo por un Comisario Delfino Ram\u00f3s y un semana retenido en la comisaria de Pumarin.y \u00a0expulsado de Espa\u00f1a hasta San Juan de Luz,&#8230;&#8230;&#8230;5) Participante en en dicho Congreso en Tolouse&#8230;&#8230;..6) Representante de la Universidad Iberoamericana al Consejo Nacional del Huelga en el Movimiento Estudiantil Popular(1968)&#8230;&#8230;&#8230;7) Detenido en Guanajuato, M\u00e9xico por ser uno de los dirigentes del CNH del Movimiento&#8230;..8) Integrante en 1971 del Comit\u00e9 de Auscultaci\u00f3n para la formaci\u00f3n de un nuevo partido politico en M\u00e9xico con Heberto Castillo, Demetrio Vallejo, Luis Tom\u00e1s Cervantes Cabeza de Vaca, Octavio Paz y Carlos Fuentes&#8230;&#8230;<\/em><\/strong><\/p>\n<p><strong><em>. 9) Fundador con Rafael Aguilar Talamantes y cinco compa\u00f1eros m\u00e1s en 1972 del Partido Socialista de los Trabajadores,actualmente un sector dirigente del Partido de la Revoluci\u00f3n\u00a0Democr\u00e1tica(que gobierna en 2016) la tercera parte de\u00a0M\u00e9xico&#8230;.9) Dirigente de 1972 a 1990 del PST, luego Partido del Frente Cardenista de Liberaci\u00f3n Nacional&#8230;&#8230;..10) Diputado Federal por el PFCRN. Presidente de la C\u00e1mara y\u00a0miembro\u00a0de las comisiones de Turismo, Cultura y Bienestar Social(1991-1994)&#8230;&#8230;..11) Delegado en\u00a0Interparlamentarias\u00a0con Espa\u00f1a,\u00a0Marruecos, los Estados Unidos y Francia&#8230;&#8230;..12) Fundador y\u00a0Coordinador\u00a0del Proyecto Morado para poder en movimiento a los hijos y nietos del exilio espa\u00f1ol para llevar al Gobierno de la Ciudad de M\u00e9xico al hijo del General L\u00e1zaro C\u00e1rdenas, (en agradecimientos por habernos recibido), Cuauhtemoc C\u00e1rdenas que logr\u00f3 en 3 meses 150,000 votos ,reconocido\u00a0p\u00fablicamente\u00a0por el\u00a0propio\u00a0Ing.\u00a0C\u00e1rdenas&#8230;.<\/em><\/strong><\/p>\n<p><strong><em>&#8230;13)\u00a0Subdelegado\u00a0Jur\u00eddico y de\u00a0Gobierno\u00a0de la Subdelegaci\u00f3n Iztacalco en ciudad de\u00a0M\u00e9xico\u00a0(1997-2000), encargado del\u00a0marco\u00a0jur\u00eddico,\u00a0pol\u00edtico y al mando de la\u00a0polic\u00eda\u00a0123 patrullas, 1450 efectivos y 58 caballos)&#8230;&#8230;. 14) Organizador con la Iglesia Cat\u00f3lica y el\u00a0Estado\u00a0Mayor Presidencial de la mayor misa de Juan Pablo II en Iztacalco, (3,500,000 asistentes seg\u00fan la\u00a0polic\u00eda)\u00a0quiz\u00e1s la mayor misa en la historia de la Iglesia Cat\u00f3lica en un s\u00f3lo lugar, hasta entonces.)(1999)&#8230;&#8230;<\/em><\/strong><\/p>\n<p><strong><em>15)\u00a0Asiste\u00a0como delegado al II Aniversario de la Republica Arabe Saharahui, en Tindouf(en campo cercanos)&#8230;..16) Reuniones con\u00a0\u00a0los presidentes Salvador Allende en Santiago en 1972, con el Presidente Velasco Alvarado en Lima(1972) y con Olof Palme en 1976 en Madrid&#8230;&#8230;..17)Invitado por Felipe Gonz\u00e1lez asistente a la Revoluci\u00f3n de los Claveles en Portugal&#8230;..18)\u00a0Participante\u00a0en\u00a0los\u00a0Congresos\u00a0del PSOE en Madrid y de la UGT (1976)&#8230;&#8230;19)\u00a0Participante\u00a0como Miembro del PSOE en las\u00a0elecciones en\u00a0Asturias de 1982 (entre los actos el mano a mano con mi padre en Pola de Lena y con Pura en Langreo) en 22 actos&#8230;..20)\u00a0Entrevistas\u00a0con el Presidente Felipe Gonz\u00e1lez ( 1983 a 1992) y trabajos realizados entre ambos para hacer\u00a0Espa\u00f1a con M\u00e9xico)&#8230;&#8230;.21) Entrevista en la Zarzuela en 1982 con el rey Juan Carlos I, durante una hora y diez minutos&#8230;..22) Asistente a Congresos como delegado de cHile, Peru, Brasil, Panama, Costa Rica, Huatemala, Cuba, Canada, Espa\u00f1a, Alemania, Sahara, Marruecos,Uni\u00f3n Sovi\u00e9tica, Estados Unidos, Suecia, Francia y Argelia.<\/em><\/strong><\/p>\n<p><strong><em>En 2006, ante la abierta intromisi\u00f3n de Jos\u00e9 Mar\u00eda Aznar en las elecciones mexicanas donde con un padr\u00f3n de 64 millones le quitan a la mala la Presidencia a Andr\u00e9s Manuel L\u00f3pez Obrador, decido a los 67 a\u00f1os, retornar a la tierra de mis genes, Asturias con el partido que era parte de la Familia.<\/em><\/strong><\/p>\n<p><strong><em>Un 14 de abril del 2007 arrib\u00e9 a Barajas con toda la ilusi\u00f3n de seguir luchando&#8230;..<\/em><\/strong><\/p>\n<!-- AddThis Advanced Settings generic via filter on the_content --><!-- AddThis Share Buttons generic via filter on the_content -->","protected":false},"excerpt":{"rendered":"<p>No interesara lectora o lector, pero tengo la obligaci\u00f3n de que mi vida quede impresa en este blog de ELCOMERCIO. A) DE LO GENERAL:- \u00a0 \u00a0 1) Nacido en ciudad de M\u00e9xico el 29 de febrero de 1940&#8230;&#8230;.2) Casado con Lisbeth Mezqita Argaez, con dos hijas Paloma y Acacia y dos nietos Aaron y Fabiola&#8230;&#8230;.3) [&hellip;]<!-- AddThis Advanced Settings generic via filter on get_the_excerpt --><!-- AddThis Share Buttons generic via filter on get_the_excerpt --><\/p>\n","protected":false},"author":16,"featured_media":0,"comment_status":"open","ping_status":"closed","sticky":false,"template":"","format":"standard","meta":[],"categories":[5],"tags":[],"_links":{"self":[{"href":"https:\/\/blogs.elcomercio.es\/reflexiones-de-belarmino\/wp-json\/wp\/v2\/posts\/1370"}],"collection":[{"href":"https:\/\/blogs.elcomercio.es\/reflexiones-de-belarmino\/wp-json\/wp\/v2\/posts"}],"about":[{"href":"https:\/\/blogs.elcomercio.es\/reflexiones-de-belarmino\/wp-json\/wp\/v2\/types\/post"}],"author":[{"embeddable":true,"href":"https:\/\/blogs.elcomercio.es\/reflexiones-de-belarmino\/wp-json\/wp\/v2\/users\/16"}],"replies":[{"embeddable":true,"href":"https:\/\/blogs.elcomercio.es\/reflexiones-de-belarmino\/wp-json\/wp\/v2\/comments?post=1370"}],"version-history":[{"count":0,"href":"https:\/\/blogs.elcomercio.es\/reflexiones-de-belarmino\/wp-json\/wp\/v2\/posts\/1370\/revisions"}],"wp:attachment":[{"href":"https:\/\/blogs.elcomercio.es\/reflexiones-de-belarmino\/wp-json\/wp\/v2\/media?parent=1370"}],"wp:term":[{"taxonomy":"category","embeddable":true,"href":"https:\/\/blogs.elcomercio.es\/reflexiones-de-belarmino\/wp-json\/wp\/v2\/categories?post=1370"},{"taxonomy":"post_tag","embeddable":true,"href":"https:\/\/blogs.elcomercio.es\/reflexiones-de-belarmino\/wp-json\/wp\/v2\/tags?post=1370"}],"curies":[{"name":"wp","href":"https:\/\/api.w.org\/{rel}","templated":true}]}}