{"id":13790,"date":"2020-03-08T20:36:16","date_gmt":"2020-03-08T19:36:16","guid":{"rendered":"https:\/\/blogs.elcomercio.es\/reflexiones-de-belarmino\/?p=13790"},"modified":"2020-03-08T20:36:16","modified_gmt":"2020-03-08T19:36:16","slug":"grandes-manifestaciones-de-mujeres-y-hombres-en-toda-espana-en-madrid-la-delegacion-de-ciudadanos-fue-expulsada","status":"publish","type":"post","link":"https:\/\/blogs.elcomercio.es\/reflexiones-de-belarmino\/2020\/03\/08\/grandes-manifestaciones-de-mujeres-y-hombres-en-toda-espana-en-madrid-la-delegacion-de-ciudadanos-fue-expulsada\/","title":{"rendered":"\u00a1\u00a1 GRANDES MANIFESTACIONES DE  MUJERES Y HOMBRES EN TODA ESPA\u00d1A. EN MADRID LA DELEGACION DE CIUDADANOS FUE EXPULSADA !!"},"content":{"rendered":"<p><strong>Como era de esperar las manifestaciones del 8 de marzo(fecha fijada en 1975 por la ONU), en todo el mundo han sido masivas.<\/strong><\/p>\n<p><strong>Por supuesto en Espa\u00f1a han sido muy grandes en todas las ciudades del pa\u00ecs, destacando que en Madrid, el contingente de Ciudadanos, fu\u00e9 expulsado de la gran marcha, bajo los gritos de &#8220;mujeres floreros &#8220;.<\/strong><\/p>\n<p><strong>Las mujeres no son tontas y saben perfectamente de donde viene los or\u00edgenes de su lucha.Por ello, por supuesto los &#8220;machistas&#8221;de Vox, incluida su Amazona Cayetana, no asitieron.<\/strong><\/p>\n<p>&nbsp;<\/p>\n<!-- AddThis Advanced Settings generic via filter on the_content --><!-- AddThis Share Buttons generic via filter on the_content -->","protected":false},"excerpt":{"rendered":"<p>Como era de esperar las manifestaciones del 8 de marzo(fecha fijada en 1975 por la ONU), en todo el mundo han sido masivas. Por supuesto en Espa\u00f1a han sido muy grandes en todas las ciudades del pa\u00ecs, destacando que en Madrid, el contingente de Ciudadanos, fu\u00e9 expulsado de la gran marcha, bajo los gritos de [&hellip;]<!-- AddThis Advanced Settings generic via filter on get_the_excerpt --><!-- AddThis Share Buttons generic via filter on get_the_excerpt --><\/p>\n","protected":false},"author":16,"featured_media":0,"comment_status":"open","ping_status":"closed","sticky":false,"template":"","format":"standard","meta":[],"categories":[1],"tags":[],"_links":{"self":[{"href":"https:\/\/blogs.elcomercio.es\/reflexiones-de-belarmino\/wp-json\/wp\/v2\/posts\/13790"}],"collection":[{"href":"https:\/\/blogs.elcomercio.es\/reflexiones-de-belarmino\/wp-json\/wp\/v2\/posts"}],"about":[{"href":"https:\/\/blogs.elcomercio.es\/reflexiones-de-belarmino\/wp-json\/wp\/v2\/types\/post"}],"author":[{"embeddable":true,"href":"https:\/\/blogs.elcomercio.es\/reflexiones-de-belarmino\/wp-json\/wp\/v2\/users\/16"}],"replies":[{"embeddable":true,"href":"https:\/\/blogs.elcomercio.es\/reflexiones-de-belarmino\/wp-json\/wp\/v2\/comments?post=13790"}],"version-history":[{"count":2,"href":"https:\/\/blogs.elcomercio.es\/reflexiones-de-belarmino\/wp-json\/wp\/v2\/posts\/13790\/revisions"}],"predecessor-version":[{"id":13792,"href":"https:\/\/blogs.elcomercio.es\/reflexiones-de-belarmino\/wp-json\/wp\/v2\/posts\/13790\/revisions\/13792"}],"wp:attachment":[{"href":"https:\/\/blogs.elcomercio.es\/reflexiones-de-belarmino\/wp-json\/wp\/v2\/media?parent=13790"}],"wp:term":[{"taxonomy":"category","embeddable":true,"href":"https:\/\/blogs.elcomercio.es\/reflexiones-de-belarmino\/wp-json\/wp\/v2\/categories?post=13790"},{"taxonomy":"post_tag","embeddable":true,"href":"https:\/\/blogs.elcomercio.es\/reflexiones-de-belarmino\/wp-json\/wp\/v2\/tags?post=13790"}],"curies":[{"name":"wp","href":"https:\/\/api.w.org\/{rel}","templated":true}]}}