{"id":13820,"date":"2020-03-09T20:46:12","date_gmt":"2020-03-09T19:46:12","guid":{"rendered":"https:\/\/blogs.elcomercio.es\/reflexiones-de-belarmino\/?p=13820"},"modified":"2020-03-09T20:46:12","modified_gmt":"2020-03-09T19:46:12","slug":"las-cadenas-de-produccion-mundiales-afectadas-aramco-la-primera-empresa-mundial-petrolera-pierde-320000-dls-en-dos-dias","status":"publish","type":"post","link":"https:\/\/blogs.elcomercio.es\/reflexiones-de-belarmino\/2020\/03\/09\/las-cadenas-de-produccion-mundiales-afectadas-aramco-la-primera-empresa-mundial-petrolera-pierde-320000-dls-en-dos-dias\/","title":{"rendered":"\u00a1\u00a1LAS CADENAS DE PRODUCCION MUNDIALES AFECTADAS. ARAMCO LA PRIMERA EMPRESA MUNDIAL PETROLERA PIERDE 320,000 DLS. EN DOS D\u00cdAS !!"},"content":{"rendered":"<p><strong>Empiezan a notarse las dificultades economicas.El derrumbe de todas las bolsas del mundo nos ponen en numeros parecidos a las del 2008.<\/strong><\/p>\n<p><strong>El petroleo a 33 dls\/barril Brent,que beneficia a Espa\u00f1a, ha hecho que la bolsa de valores de Riad(Arabia Saudita) bajase un 8 %, Hace dos meses la principal empresa petrolera del mundo, saudita, Aramco, que produce 9 millones de barriles ella s\u00f3la, sali\u00f2 al mercado como la joya de la corona casi mundial.Se buscaban recursos para diversificar la econom\u00eca de aquel pa\u00ecs y todos se\u00a0 lanzaron a comprar las acciones. En\u00a0 2 d\u00edas\u00a0 han perdido los\u00a0 que las compraron\u00a0320,000 millones de d\u00f3lares.<\/strong><\/p>\n<p><strong>\u00bfSer\u00eda eso lo que buscaba Putin al negarse a un acuerdo que para \u00e9l era provechoso?.<\/strong><\/p>\n<p><strong>Otro golpe, de esa decisi\u00f3n de Putin golpea a los Estados Unidos, el pa\u00ecs con m\u00e0s reservas del mundo luego de lograrlo a trav\u00e8s del m\u00e8todo de fractura del suelo<\/strong><\/p>\n<p><strong>Sin embargo lo m\u00e0s importante es se est\u00e0n afectando las cadenas de producci\u00f2n en el mundo y a una caida en el turismo mundial.<\/strong><\/p>\n<!-- AddThis Advanced Settings generic via filter on the_content --><!-- AddThis Share Buttons generic via filter on the_content -->","protected":false},"excerpt":{"rendered":"<p>Empiezan a notarse las dificultades economicas.El derrumbe de todas las bolsas del mundo nos ponen en numeros parecidos a las del 2008. El petroleo a 33 dls\/barril Brent,que beneficia a Espa\u00f1a, ha hecho que la bolsa de valores de Riad(Arabia Saudita) bajase un 8 %, Hace dos meses la principal empresa petrolera del mundo, saudita, [&hellip;]<!-- AddThis Advanced Settings generic via filter on get_the_excerpt --><!-- AddThis Share Buttons generic via filter on get_the_excerpt --><\/p>\n","protected":false},"author":16,"featured_media":0,"comment_status":"open","ping_status":"closed","sticky":false,"template":"","format":"standard","meta":[],"categories":[1],"tags":[],"_links":{"self":[{"href":"https:\/\/blogs.elcomercio.es\/reflexiones-de-belarmino\/wp-json\/wp\/v2\/posts\/13820"}],"collection":[{"href":"https:\/\/blogs.elcomercio.es\/reflexiones-de-belarmino\/wp-json\/wp\/v2\/posts"}],"about":[{"href":"https:\/\/blogs.elcomercio.es\/reflexiones-de-belarmino\/wp-json\/wp\/v2\/types\/post"}],"author":[{"embeddable":true,"href":"https:\/\/blogs.elcomercio.es\/reflexiones-de-belarmino\/wp-json\/wp\/v2\/users\/16"}],"replies":[{"embeddable":true,"href":"https:\/\/blogs.elcomercio.es\/reflexiones-de-belarmino\/wp-json\/wp\/v2\/comments?post=13820"}],"version-history":[{"count":2,"href":"https:\/\/blogs.elcomercio.es\/reflexiones-de-belarmino\/wp-json\/wp\/v2\/posts\/13820\/revisions"}],"predecessor-version":[{"id":13822,"href":"https:\/\/blogs.elcomercio.es\/reflexiones-de-belarmino\/wp-json\/wp\/v2\/posts\/13820\/revisions\/13822"}],"wp:attachment":[{"href":"https:\/\/blogs.elcomercio.es\/reflexiones-de-belarmino\/wp-json\/wp\/v2\/media?parent=13820"}],"wp:term":[{"taxonomy":"category","embeddable":true,"href":"https:\/\/blogs.elcomercio.es\/reflexiones-de-belarmino\/wp-json\/wp\/v2\/categories?post=13820"},{"taxonomy":"post_tag","embeddable":true,"href":"https:\/\/blogs.elcomercio.es\/reflexiones-de-belarmino\/wp-json\/wp\/v2\/tags?post=13820"}],"curies":[{"name":"wp","href":"https:\/\/api.w.org\/{rel}","templated":true}]}}