{"id":14022,"date":"2020-03-16T09:20:39","date_gmt":"2020-03-16T08:20:39","guid":{"rendered":"https:\/\/blogs.elcomercio.es\/reflexiones-de-belarmino\/?p=14022"},"modified":"2020-03-16T09:20:39","modified_gmt":"2020-03-16T08:20:39","slug":"mundo-1440005535-italia-211571441-madrid-3554213-alemania5627-13","status":"publish","type":"post","link":"https:\/\/blogs.elcomercio.es\/reflexiones-de-belarmino\/2020\/03\/16\/mundo-1440005535-italia-211571441-madrid-3554213-alemania5627-13\/","title":{"rendered":"\u00a1\u00a1MUNDO, 144,000(5,535).- ITALIA 21,157(1,441).-MADRID 3,554(213).-ALEMANIA5,627(  13) !!!"},"content":{"rendered":"<p><strong>En el mundo avanza hasta 144.000 con 5,535. China controla,preocupaci\u00f3n en Italia que con 21,157 (1,441)(25 % de lo que alcanz\u00f3 China en su pico).<\/strong><\/p>\n<p><strong>En Espa\u00f1a7,750 (281) y 382 en la UCI, pero procupa el avance de Madrid 3,554 pero en ascenso fallecidos(213).<\/strong><\/p>\n<p><strong>Ejemplos en el mundo, adem\u00e0s de China lo son Corea del Sur con 66 fallecidos y Alemania (5627) pero 13 fallecidos.<\/strong><\/p>\n<p><strong>America Latina est\u00e0 en Fase I y Africa tambi\u00e9n.<\/strong><\/p>\n<p>&nbsp;<\/p>\n<p>&nbsp;<\/p>\n<!-- AddThis Advanced Settings generic via filter on the_content --><!-- AddThis Share Buttons generic via filter on the_content -->","protected":false},"excerpt":{"rendered":"<p>En el mundo avanza hasta 144.000 con 5,535. China controla,preocupaci\u00f3n en Italia que con 21,157 (1,441)(25 % de lo que alcanz\u00f3 China en su pico). En Espa\u00f1a7,750 (281) y 382 en la UCI, pero procupa el avance de Madrid 3,554 pero en ascenso fallecidos(213). Ejemplos en el mundo, adem\u00e0s de China lo son Corea del [&hellip;]<!-- AddThis Advanced Settings generic via filter on get_the_excerpt --><!-- AddThis Share Buttons generic via filter on get_the_excerpt --><\/p>\n","protected":false},"author":16,"featured_media":0,"comment_status":"open","ping_status":"closed","sticky":false,"template":"","format":"standard","meta":[],"categories":[1],"tags":[],"_links":{"self":[{"href":"https:\/\/blogs.elcomercio.es\/reflexiones-de-belarmino\/wp-json\/wp\/v2\/posts\/14022"}],"collection":[{"href":"https:\/\/blogs.elcomercio.es\/reflexiones-de-belarmino\/wp-json\/wp\/v2\/posts"}],"about":[{"href":"https:\/\/blogs.elcomercio.es\/reflexiones-de-belarmino\/wp-json\/wp\/v2\/types\/post"}],"author":[{"embeddable":true,"href":"https:\/\/blogs.elcomercio.es\/reflexiones-de-belarmino\/wp-json\/wp\/v2\/users\/16"}],"replies":[{"embeddable":true,"href":"https:\/\/blogs.elcomercio.es\/reflexiones-de-belarmino\/wp-json\/wp\/v2\/comments?post=14022"}],"version-history":[{"count":2,"href":"https:\/\/blogs.elcomercio.es\/reflexiones-de-belarmino\/wp-json\/wp\/v2\/posts\/14022\/revisions"}],"predecessor-version":[{"id":14024,"href":"https:\/\/blogs.elcomercio.es\/reflexiones-de-belarmino\/wp-json\/wp\/v2\/posts\/14022\/revisions\/14024"}],"wp:attachment":[{"href":"https:\/\/blogs.elcomercio.es\/reflexiones-de-belarmino\/wp-json\/wp\/v2\/media?parent=14022"}],"wp:term":[{"taxonomy":"category","embeddable":true,"href":"https:\/\/blogs.elcomercio.es\/reflexiones-de-belarmino\/wp-json\/wp\/v2\/categories?post=14022"},{"taxonomy":"post_tag","embeddable":true,"href":"https:\/\/blogs.elcomercio.es\/reflexiones-de-belarmino\/wp-json\/wp\/v2\/tags?post=14022"}],"curies":[{"name":"wp","href":"https:\/\/api.w.org\/{rel}","templated":true}]}}