{"id":14025,"date":"2020-03-16T09:26:52","date_gmt":"2020-03-16T08:26:52","guid":{"rendered":"https:\/\/blogs.elcomercio.es\/reflexiones-de-belarmino\/?p=14025"},"modified":"2020-03-16T09:26:52","modified_gmt":"2020-03-16T08:26:52","slug":"con-una-europa-eje-de-la-pandemia-ee-uu-nos-envia-30000-militares","status":"publish","type":"post","link":"https:\/\/blogs.elcomercio.es\/reflexiones-de-belarmino\/2020\/03\/16\/con-una-europa-eje-de-la-pandemia-ee-uu-nos-envia-30000-militares\/","title":{"rendered":"\u00a1\u00a1 CON UNA EUROPA, EJE DE LA PANDEMIA, EE.UU.NOS ENV\u00cdA 30,000 MILITARES !!! !!!"},"content":{"rendered":"<p><strong>En el momento en que Europa es el epicentro mundial del COVID-19, donde est\u00e0n paises aislados, Donald Trump, est\u00e0 enviando 30,000 militares que podr\u00e1n circular libremente por las calles donde los europeos estamos en casa.<\/strong><\/p>\n<p><strong>Rusia, en alerta.<\/strong><\/p>\n<!-- AddThis Advanced Settings generic via filter on the_content --><!-- AddThis Share Buttons generic via filter on the_content -->","protected":false},"excerpt":{"rendered":"<p>En el momento en que Europa es el epicentro mundial del COVID-19, donde est\u00e0n paises aislados, Donald Trump, est\u00e0 enviando 30,000 militares que podr\u00e1n circular libremente por las calles donde los europeos estamos en casa. Rusia, en alerta.<!-- AddThis Advanced Settings generic via filter on get_the_excerpt --><!-- AddThis Share Buttons generic via filter on get_the_excerpt --><\/p>\n","protected":false},"author":16,"featured_media":0,"comment_status":"open","ping_status":"closed","sticky":false,"template":"","format":"standard","meta":[],"categories":[1],"tags":[],"_links":{"self":[{"href":"https:\/\/blogs.elcomercio.es\/reflexiones-de-belarmino\/wp-json\/wp\/v2\/posts\/14025"}],"collection":[{"href":"https:\/\/blogs.elcomercio.es\/reflexiones-de-belarmino\/wp-json\/wp\/v2\/posts"}],"about":[{"href":"https:\/\/blogs.elcomercio.es\/reflexiones-de-belarmino\/wp-json\/wp\/v2\/types\/post"}],"author":[{"embeddable":true,"href":"https:\/\/blogs.elcomercio.es\/reflexiones-de-belarmino\/wp-json\/wp\/v2\/users\/16"}],"replies":[{"embeddable":true,"href":"https:\/\/blogs.elcomercio.es\/reflexiones-de-belarmino\/wp-json\/wp\/v2\/comments?post=14025"}],"version-history":[{"count":2,"href":"https:\/\/blogs.elcomercio.es\/reflexiones-de-belarmino\/wp-json\/wp\/v2\/posts\/14025\/revisions"}],"predecessor-version":[{"id":14027,"href":"https:\/\/blogs.elcomercio.es\/reflexiones-de-belarmino\/wp-json\/wp\/v2\/posts\/14025\/revisions\/14027"}],"wp:attachment":[{"href":"https:\/\/blogs.elcomercio.es\/reflexiones-de-belarmino\/wp-json\/wp\/v2\/media?parent=14025"}],"wp:term":[{"taxonomy":"category","embeddable":true,"href":"https:\/\/blogs.elcomercio.es\/reflexiones-de-belarmino\/wp-json\/wp\/v2\/categories?post=14025"},{"taxonomy":"post_tag","embeddable":true,"href":"https:\/\/blogs.elcomercio.es\/reflexiones-de-belarmino\/wp-json\/wp\/v2\/tags?post=14025"}],"curies":[{"name":"wp","href":"https:\/\/api.w.org\/{rel}","templated":true}]}}