{"id":14047,"date":"2020-03-17T10:35:12","date_gmt":"2020-03-17T09:35:12","guid":{"rendered":"https:\/\/blogs.elcomercio.es\/reflexiones-de-belarmino\/?p=14047"},"modified":"2020-03-17T10:35:12","modified_gmt":"2020-03-17T09:35:12","slug":"china-enviara-un-lote-urgente-de-material-y-medicos-madrid","status":"publish","type":"post","link":"https:\/\/blogs.elcomercio.es\/reflexiones-de-belarmino\/2020\/03\/17\/china-enviara-un-lote-urgente-de-material-y-medicos-madrid\/","title":{"rendered":"\u00a1\u00a1\u00a1CHINA ENVIAR\u00c1 UN LOTE URGENTE DE MATERIAL Y MEDICOS  MADRID !!"},"content":{"rendered":"<p><strong>Ayer tuvieron una conversaci\u00f3n la Ministra de Relaciones Exteriores Arantcha Gonz\u00e1lez Loya y su homologo chino Wang Yi, y acordaron medidas de apoyo del Gobierno Chino a Espa\u00f1a.<br \/>\n<\/strong><\/p>\n<p><strong>China ha decidido proporcionar un lote de asistencia y materiales m\u00e9dicos y envio de m\u00e9dicos chinos a Madrid.<\/strong><\/p>\n<p><strong>As\u00ed mismo se\u00a0 abrieron\u00a0 canales comerciales para que Espa\u00f1a importe equipos de proteccion general y envio de equipos m\u00e8dicos de China.<\/strong><\/p>\n<!-- AddThis Advanced Settings generic via filter on the_content --><!-- AddThis Share Buttons generic via filter on the_content -->","protected":false},"excerpt":{"rendered":"<p>Ayer tuvieron una conversaci\u00f3n la Ministra de Relaciones Exteriores Arantcha Gonz\u00e1lez Loya y su homologo chino Wang Yi, y acordaron medidas de apoyo del Gobierno Chino a Espa\u00f1a. China ha decidido proporcionar un lote de asistencia y materiales m\u00e9dicos y envio de m\u00e9dicos chinos a Madrid. As\u00ed mismo se\u00a0 abrieron\u00a0 canales comerciales para que Espa\u00f1a [&hellip;]<!-- AddThis Advanced Settings generic via filter on get_the_excerpt --><!-- AddThis Share Buttons generic via filter on get_the_excerpt --><\/p>\n","protected":false},"author":16,"featured_media":0,"comment_status":"open","ping_status":"closed","sticky":false,"template":"","format":"standard","meta":[],"categories":[1],"tags":[],"_links":{"self":[{"href":"https:\/\/blogs.elcomercio.es\/reflexiones-de-belarmino\/wp-json\/wp\/v2\/posts\/14047"}],"collection":[{"href":"https:\/\/blogs.elcomercio.es\/reflexiones-de-belarmino\/wp-json\/wp\/v2\/posts"}],"about":[{"href":"https:\/\/blogs.elcomercio.es\/reflexiones-de-belarmino\/wp-json\/wp\/v2\/types\/post"}],"author":[{"embeddable":true,"href":"https:\/\/blogs.elcomercio.es\/reflexiones-de-belarmino\/wp-json\/wp\/v2\/users\/16"}],"replies":[{"embeddable":true,"href":"https:\/\/blogs.elcomercio.es\/reflexiones-de-belarmino\/wp-json\/wp\/v2\/comments?post=14047"}],"version-history":[{"count":2,"href":"https:\/\/blogs.elcomercio.es\/reflexiones-de-belarmino\/wp-json\/wp\/v2\/posts\/14047\/revisions"}],"predecessor-version":[{"id":14049,"href":"https:\/\/blogs.elcomercio.es\/reflexiones-de-belarmino\/wp-json\/wp\/v2\/posts\/14047\/revisions\/14049"}],"wp:attachment":[{"href":"https:\/\/blogs.elcomercio.es\/reflexiones-de-belarmino\/wp-json\/wp\/v2\/media?parent=14047"}],"wp:term":[{"taxonomy":"category","embeddable":true,"href":"https:\/\/blogs.elcomercio.es\/reflexiones-de-belarmino\/wp-json\/wp\/v2\/categories?post=14047"},{"taxonomy":"post_tag","embeddable":true,"href":"https:\/\/blogs.elcomercio.es\/reflexiones-de-belarmino\/wp-json\/wp\/v2\/tags?post=14047"}],"curies":[{"name":"wp","href":"https:\/\/api.w.org\/{rel}","templated":true}]}}