{"id":14063,"date":"2020-05-26T18:17:02","date_gmt":"2020-05-26T16:17:02","guid":{"rendered":"https:\/\/blogs.elcomercio.es\/reflexiones-de-belarmino\/?p=14063"},"modified":"2020-05-26T18:17:02","modified_gmt":"2020-05-26T16:17:02","slug":"el-senor-abascal-la-iglesia-cavernaria-el-senor-bergoglio-y-francisco-i","status":"publish","type":"post","link":"https:\/\/blogs.elcomercio.es\/reflexiones-de-belarmino\/2020\/05\/26\/el-senor-abascal-la-iglesia-cavernaria-el-senor-bergoglio-y-francisco-i\/","title":{"rendered":"\u00a1\u00a1 EL SE\u00d1OR ABASCAL, LA IGLESIA CAVERNARIA, &#8220;EL SE\u00d1OR BERGOGLIO&#8221; Y  FRANCISCO i !!"},"content":{"rendered":"<p><strong>Por supuesto que sabemos la historia de Santiago Abascal ( &#8221; El Cid Campeador&#8221;), pero un nuevo elemento nos acaba de confirmar que fuerzas est\u00e1n\u00a0 detr\u00e1s de la derecha fascista de Espa\u00f1a.<\/strong><\/p>\n<p><b>En El Vaticano Jorge Bergoglio, con m\u00e1s energ\u00eda\u00a0que Benedicto XVI, se ha enfrentado a la vieja Iglesia Cat\u00f3lica de Espa\u00f1a, de Alemania\u00a0y de los Estados Unidos.Su lucha ha sido dur\u00edsima, pero el no se rinde.La Curia, los intereses m\u00e1s conservadores de esa Instituci\u00f3n, se han resistido a los cambios que Bergoglio ha estimulado y que hace dos meses, logr\u00f3, para rabia de esos\u00a0 sectores, el haber acabado con El Vaticano como para\u00edso\u00a0fiscal, y haber logrado substituir a m\u00e1s de la mitad de los\u00a0cardenales anteriores y asegurar en el pr\u00f3ximo C\u00f3nclave\u00a0sus ideas se conserven.<\/b><\/p>\n<p><b>Pero, un se\u00f1or llamado Santiago Abascal, en una carta protestando por los avances del Vatiacano, se dirigi\u00f3\u00a0a \u00e9l llam\u00e1ndole\u00a0&#8220;Se\u00f1or Bergoglio&#8221;.<\/b><\/p>\n<p><b>Si nos faltaba informaci\u00f3n\u00a0sobre si hab\u00eda\u00a0o no avances\u00a0en el seno de la Iglesia Cat\u00f3lica Espa\u00f1ola, bast\u00f3 la intervenci\u00f3n\u00a0de nuestro(Pelayo y el Cid, juntos) para mostrar que el gran lastre de Espa\u00f1a, la Iglesia Cat\u00f3lica Apost\u00f3lica\u00a0 y Romana, est\u00e1 detr\u00e1s de los intentos de la derecha(PP y Vox), detr\u00e1s de ellos Aznar y Rafael Bardaji, por derribar al Gobierno de Coalici\u00f3n que tenemos hoy en Espa\u00f1a.<br \/>\n<\/b><\/p>\n<p><b>De los Cobos, el general que dirigi\u00f3 el operativo contra los nacionalista el 1 de O, ahora\u00a0ubicado en Madrid, es una parte de los policias, militares, Iglesia y fascismo que pretender tirar al gobierno de Coalici\u00f3n,tal como actuaron en el siglo pasado contra la II Republica.<\/b><\/p>\n<!-- AddThis Advanced Settings generic via filter on the_content --><!-- AddThis Share Buttons generic via filter on the_content -->","protected":false},"excerpt":{"rendered":"<p>Por supuesto que sabemos la historia de Santiago Abascal ( &#8221; El Cid Campeador&#8221;), pero un nuevo elemento nos acaba de confirmar que fuerzas est\u00e1n\u00a0 detr\u00e1s de la derecha fascista de Espa\u00f1a. En El Vaticano Jorge Bergoglio, con m\u00e1s energ\u00eda\u00a0que Benedicto XVI, se ha enfrentado a la vieja Iglesia Cat\u00f3lica de Espa\u00f1a, de Alemania\u00a0y de [&hellip;]<!-- AddThis Advanced Settings generic via filter on get_the_excerpt --><!-- AddThis Share Buttons generic via filter on get_the_excerpt --><\/p>\n","protected":false},"author":16,"featured_media":0,"comment_status":"open","ping_status":"closed","sticky":false,"template":"","format":"standard","meta":[],"categories":[1],"tags":[],"_links":{"self":[{"href":"https:\/\/blogs.elcomercio.es\/reflexiones-de-belarmino\/wp-json\/wp\/v2\/posts\/14063"}],"collection":[{"href":"https:\/\/blogs.elcomercio.es\/reflexiones-de-belarmino\/wp-json\/wp\/v2\/posts"}],"about":[{"href":"https:\/\/blogs.elcomercio.es\/reflexiones-de-belarmino\/wp-json\/wp\/v2\/types\/post"}],"author":[{"embeddable":true,"href":"https:\/\/blogs.elcomercio.es\/reflexiones-de-belarmino\/wp-json\/wp\/v2\/users\/16"}],"replies":[{"embeddable":true,"href":"https:\/\/blogs.elcomercio.es\/reflexiones-de-belarmino\/wp-json\/wp\/v2\/comments?post=14063"}],"version-history":[{"count":3,"href":"https:\/\/blogs.elcomercio.es\/reflexiones-de-belarmino\/wp-json\/wp\/v2\/posts\/14063\/revisions"}],"predecessor-version":[{"id":14066,"href":"https:\/\/blogs.elcomercio.es\/reflexiones-de-belarmino\/wp-json\/wp\/v2\/posts\/14063\/revisions\/14066"}],"wp:attachment":[{"href":"https:\/\/blogs.elcomercio.es\/reflexiones-de-belarmino\/wp-json\/wp\/v2\/media?parent=14063"}],"wp:term":[{"taxonomy":"category","embeddable":true,"href":"https:\/\/blogs.elcomercio.es\/reflexiones-de-belarmino\/wp-json\/wp\/v2\/categories?post=14063"},{"taxonomy":"post_tag","embeddable":true,"href":"https:\/\/blogs.elcomercio.es\/reflexiones-de-belarmino\/wp-json\/wp\/v2\/tags?post=14063"}],"curies":[{"name":"wp","href":"https:\/\/api.w.org\/{rel}","templated":true}]}}