{"id":22776,"date":"2022-06-13T10:21:28","date_gmt":"2022-06-13T08:21:28","guid":{"rendered":"https:\/\/blogs.elcomercio.es\/reflexiones-de-belarmino\/?p=22776"},"modified":"2022-06-13T10:21:28","modified_gmt":"2022-06-13T08:21:28","slug":"aumenta-la-tension-con-argeliacuentas-bloqueadas-y-el-suministro-en-la-mesa-por-el-precio","status":"publish","type":"post","link":"https:\/\/blogs.elcomercio.es\/reflexiones-de-belarmino\/2022\/06\/13\/aumenta-la-tension-con-argeliacuentas-bloqueadas-y-el-suministro-en-la-mesa-por-el-precio\/","title":{"rendered":"\u00a1\u00a1\u00a1AUMENTA LA TENSI\u00d3N CON ARGELIA,CUENTAS BLOQUEADAS, Y EL SUMINISTRO EN LA MESA POR EL PRECIO !!!"},"content":{"rendered":"<p><b>Torpeza, tras torpeza, el gobierno de Pedro S\u00e1nchez y su diminuto( y no f\u00edsicamente) ministro\u00a0de Exteriores el se\u00f1or Albares, no s\u00f3lo no supieron que hacer con Iberoam\u00e9rica, sino que est\u00e1n atascados en un conflicto con Argelia, cuyo final no conocemos. Si los monarcas de Marruecos son duros, los dirigentes de Argelia no lo son menos.<\/b><\/p>\n<p><b>Si estab la tensi\u00f3n\u00a0con ellos, el haber recurrido a la Uni\u00f3n Europea, ha sido un nuevo reto a Argelia. El hecho de que los viernes son festivos en el mundo musulm\u00e1n, las reacciones aparecieron ayer domingo.Las cuentas est\u00e1n congeladas. El problema\u00a0es\u00a0<\/b><b>bilateral, el gas se est\u00e1 negociando y ah\u00ed est\u00e1 el punto a pocos d\u00edas de la Cumbre de la OTAN\u00a0 en Madrid donde\u00a0estar\u00e1 BIden.<\/b><\/p>\n<p><b>Tienen en sus manos, elevando el precio hasta que Naturgy no lo acepte(sabemos que a las electricas espa\u00f1olas s\u00f3lo las gu\u00eda la ganancia) y a la espera est\u00e1\u00a0Italia que ser\u00e1 sin duda, el nuevo socio prioritario de Argel en Europa..<\/b><\/p>\n<p><b>Nadie deber\u00eda de confiarse.Rusia tiene en sus manos con Argelia la oportunidad\u00a0de hacer que la Cumbre de Madrid, sea, muy fr\u00eda.<\/b><\/p>\n<p>&nbsp;<\/p>\n<!-- AddThis Advanced Settings generic via filter on the_content --><!-- AddThis Share Buttons generic via filter on the_content -->","protected":false},"excerpt":{"rendered":"<p>Torpeza, tras torpeza, el gobierno de Pedro S\u00e1nchez y su diminuto( y no f\u00edsicamente) ministro\u00a0de Exteriores el se\u00f1or Albares, no s\u00f3lo no supieron que hacer con Iberoam\u00e9rica, sino que est\u00e1n atascados en un conflicto con Argelia, cuyo final no conocemos. Si los monarcas de Marruecos son duros, los dirigentes de Argelia no lo son menos. [&hellip;]<!-- AddThis Advanced Settings generic via filter on get_the_excerpt --><!-- AddThis Share Buttons generic via filter on get_the_excerpt --><\/p>\n","protected":false},"author":16,"featured_media":0,"comment_status":"open","ping_status":"closed","sticky":false,"template":"","format":"standard","meta":[],"categories":[1],"tags":[],"_links":{"self":[{"href":"https:\/\/blogs.elcomercio.es\/reflexiones-de-belarmino\/wp-json\/wp\/v2\/posts\/22776"}],"collection":[{"href":"https:\/\/blogs.elcomercio.es\/reflexiones-de-belarmino\/wp-json\/wp\/v2\/posts"}],"about":[{"href":"https:\/\/blogs.elcomercio.es\/reflexiones-de-belarmino\/wp-json\/wp\/v2\/types\/post"}],"author":[{"embeddable":true,"href":"https:\/\/blogs.elcomercio.es\/reflexiones-de-belarmino\/wp-json\/wp\/v2\/users\/16"}],"replies":[{"embeddable":true,"href":"https:\/\/blogs.elcomercio.es\/reflexiones-de-belarmino\/wp-json\/wp\/v2\/comments?post=22776"}],"version-history":[{"count":2,"href":"https:\/\/blogs.elcomercio.es\/reflexiones-de-belarmino\/wp-json\/wp\/v2\/posts\/22776\/revisions"}],"predecessor-version":[{"id":22778,"href":"https:\/\/blogs.elcomercio.es\/reflexiones-de-belarmino\/wp-json\/wp\/v2\/posts\/22776\/revisions\/22778"}],"wp:attachment":[{"href":"https:\/\/blogs.elcomercio.es\/reflexiones-de-belarmino\/wp-json\/wp\/v2\/media?parent=22776"}],"wp:term":[{"taxonomy":"category","embeddable":true,"href":"https:\/\/blogs.elcomercio.es\/reflexiones-de-belarmino\/wp-json\/wp\/v2\/categories?post=22776"},{"taxonomy":"post_tag","embeddable":true,"href":"https:\/\/blogs.elcomercio.es\/reflexiones-de-belarmino\/wp-json\/wp\/v2\/tags?post=22776"}],"curies":[{"name":"wp","href":"https:\/\/api.w.org\/{rel}","templated":true}]}}