{"id":22779,"date":"2022-06-13T10:24:51","date_gmt":"2022-06-13T08:24:51","guid":{"rendered":"https:\/\/blogs.elcomercio.es\/reflexiones-de-belarmino\/?p=22779"},"modified":"2022-06-13T10:24:51","modified_gmt":"2022-06-13T08:24:51","slug":"sabado-en-400-ciudades-de-ee-uu-solo-queremos-sobrevivir","status":"publish","type":"post","link":"https:\/\/blogs.elcomercio.es\/reflexiones-de-belarmino\/2022\/06\/13\/sabado-en-400-ciudades-de-ee-uu-solo-queremos-sobrevivir\/","title":{"rendered":"\u00a1\u00a1\u00a1S\u00c1BADO EN 400 CIUDADES DE EE.UU., &#8221; SOLO QUEREMOS SOBREVIVIR &#8220;!!!"},"content":{"rendered":"<p><strong>El s\u00e1bado pasado decenas o centenares de miles de norteamericanos se lanzaron a las calles en 400 ciudades del pa\u00eds, con una s\u00f3lo, y conmovedora demanda :&#8221;SOLO QUEREMOS SOBREVIVIR &#8220;<\/strong><\/p>\n<!-- AddThis Advanced Settings generic via filter on the_content --><!-- AddThis Share Buttons generic via filter on the_content -->","protected":false},"excerpt":{"rendered":"<p>El s\u00e1bado pasado decenas o centenares de miles de norteamericanos se lanzaron a las calles en 400 ciudades del pa\u00eds, con una s\u00f3lo, y conmovedora demanda :&#8221;SOLO QUEREMOS SOBREVIVIR &#8220;<!-- AddThis Advanced Settings generic via filter on get_the_excerpt --><!-- AddThis Share Buttons generic via filter on get_the_excerpt --><\/p>\n","protected":false},"author":16,"featured_media":0,"comment_status":"open","ping_status":"closed","sticky":false,"template":"","format":"standard","meta":[],"categories":[1],"tags":[],"_links":{"self":[{"href":"https:\/\/blogs.elcomercio.es\/reflexiones-de-belarmino\/wp-json\/wp\/v2\/posts\/22779"}],"collection":[{"href":"https:\/\/blogs.elcomercio.es\/reflexiones-de-belarmino\/wp-json\/wp\/v2\/posts"}],"about":[{"href":"https:\/\/blogs.elcomercio.es\/reflexiones-de-belarmino\/wp-json\/wp\/v2\/types\/post"}],"author":[{"embeddable":true,"href":"https:\/\/blogs.elcomercio.es\/reflexiones-de-belarmino\/wp-json\/wp\/v2\/users\/16"}],"replies":[{"embeddable":true,"href":"https:\/\/blogs.elcomercio.es\/reflexiones-de-belarmino\/wp-json\/wp\/v2\/comments?post=22779"}],"version-history":[{"count":1,"href":"https:\/\/blogs.elcomercio.es\/reflexiones-de-belarmino\/wp-json\/wp\/v2\/posts\/22779\/revisions"}],"predecessor-version":[{"id":22780,"href":"https:\/\/blogs.elcomercio.es\/reflexiones-de-belarmino\/wp-json\/wp\/v2\/posts\/22779\/revisions\/22780"}],"wp:attachment":[{"href":"https:\/\/blogs.elcomercio.es\/reflexiones-de-belarmino\/wp-json\/wp\/v2\/media?parent=22779"}],"wp:term":[{"taxonomy":"category","embeddable":true,"href":"https:\/\/blogs.elcomercio.es\/reflexiones-de-belarmino\/wp-json\/wp\/v2\/categories?post=22779"},{"taxonomy":"post_tag","embeddable":true,"href":"https:\/\/blogs.elcomercio.es\/reflexiones-de-belarmino\/wp-json\/wp\/v2\/tags?post=22779"}],"curies":[{"name":"wp","href":"https:\/\/api.w.org\/{rel}","templated":true}]}}