{"id":22805,"date":"2022-06-14T09:27:40","date_gmt":"2022-06-14T07:27:40","guid":{"rendered":"https:\/\/blogs.elcomercio.es\/reflexiones-de-belarmino\/?p=22805"},"modified":"2022-06-14T09:27:40","modified_gmt":"2022-06-14T07:27:40","slug":"espana-da-un-ultimatum-argelia-mientras-las-cuentas-estan-bloqueadas-no-subestimemos-a-argelia-en-visperas-de-la-otan","status":"publish","type":"post","link":"https:\/\/blogs.elcomercio.es\/reflexiones-de-belarmino\/2022\/06\/14\/espana-da-un-ultimatum-argelia-mientras-las-cuentas-estan-bloqueadas-no-subestimemos-a-argelia-en-visperas-de-la-otan\/","title":{"rendered":"\u00a1\u00a1\u00a1\u00a1 ESPA\u00d1A DA UN ULTIM\u00c1TUM ARGELIA MIENTRAS LAS CUENTAS EST\u00c1N BLOQUEADAS. NO SUBESTIMEMOS A ARGELIA EN V\u00cdSPERAS DE LA OTAN !!!"},"content":{"rendered":"<p><b>Espa\u00f1a, que no tiene el sart\u00e9n\u00a0en la\u00a0mano ,ha dado un ultim\u00e1tum\u00a0a Argelia en espera de sus decisiones.El domingo que se re\u00fane\u00a0el Consejo de Ministros\u00a0 ,esta vez por alguna\u00a0relaci\u00f3n, no se celebr\u00f3, lo que parece indicar que Argelia est\u00e1 por tomar alguna decisi\u00f3n importante.\u00a0<\/b><\/p>\n<p><b>Mientras las cuentas de las empresas siguen bloqueadas, el sentimiento antiespa\u00f1ol tras la intervenci\u00f3n de la Uni\u00f2n Europea es mayor, y se debe estar en la negociaci\u00f3n del precio.Mantenemos que Argelia va a subir el precio hasta niveles que Naturgy no acepte y pueda\u00a0dar el giro hacia Italia.<\/b><\/p>\n<p><b>Estamos a dos semanas de la reuni\u00f3n de la OTAN y tanto Argelia como Rusia quisiera tomar alguna acci\u00f3n que\u00a0perjudicase a Espa\u00f1a y a la organizaci\u00f3n atl\u00e1ntica.<\/b><\/p>\n<!-- AddThis Advanced Settings generic via filter on the_content --><!-- AddThis Share Buttons generic via filter on the_content -->","protected":false},"excerpt":{"rendered":"<p>Espa\u00f1a, que no tiene el sart\u00e9n\u00a0en la\u00a0mano ,ha dado un ultim\u00e1tum\u00a0a Argelia en espera de sus decisiones.El domingo que se re\u00fane\u00a0el Consejo de Ministros\u00a0 ,esta vez por alguna\u00a0relaci\u00f3n, no se celebr\u00f3, lo que parece indicar que Argelia est\u00e1 por tomar alguna decisi\u00f3n importante.\u00a0 Mientras las cuentas de las empresas siguen bloqueadas, el sentimiento antiespa\u00f1ol tras [&hellip;]<!-- AddThis Advanced Settings generic via filter on get_the_excerpt --><!-- AddThis Share Buttons generic via filter on get_the_excerpt --><\/p>\n","protected":false},"author":16,"featured_media":0,"comment_status":"open","ping_status":"closed","sticky":false,"template":"","format":"standard","meta":[],"categories":[1],"tags":[],"_links":{"self":[{"href":"https:\/\/blogs.elcomercio.es\/reflexiones-de-belarmino\/wp-json\/wp\/v2\/posts\/22805"}],"collection":[{"href":"https:\/\/blogs.elcomercio.es\/reflexiones-de-belarmino\/wp-json\/wp\/v2\/posts"}],"about":[{"href":"https:\/\/blogs.elcomercio.es\/reflexiones-de-belarmino\/wp-json\/wp\/v2\/types\/post"}],"author":[{"embeddable":true,"href":"https:\/\/blogs.elcomercio.es\/reflexiones-de-belarmino\/wp-json\/wp\/v2\/users\/16"}],"replies":[{"embeddable":true,"href":"https:\/\/blogs.elcomercio.es\/reflexiones-de-belarmino\/wp-json\/wp\/v2\/comments?post=22805"}],"version-history":[{"count":1,"href":"https:\/\/blogs.elcomercio.es\/reflexiones-de-belarmino\/wp-json\/wp\/v2\/posts\/22805\/revisions"}],"predecessor-version":[{"id":22806,"href":"https:\/\/blogs.elcomercio.es\/reflexiones-de-belarmino\/wp-json\/wp\/v2\/posts\/22805\/revisions\/22806"}],"wp:attachment":[{"href":"https:\/\/blogs.elcomercio.es\/reflexiones-de-belarmino\/wp-json\/wp\/v2\/media?parent=22805"}],"wp:term":[{"taxonomy":"category","embeddable":true,"href":"https:\/\/blogs.elcomercio.es\/reflexiones-de-belarmino\/wp-json\/wp\/v2\/categories?post=22805"},{"taxonomy":"post_tag","embeddable":true,"href":"https:\/\/blogs.elcomercio.es\/reflexiones-de-belarmino\/wp-json\/wp\/v2\/tags?post=22805"}],"curies":[{"name":"wp","href":"https:\/\/api.w.org\/{rel}","templated":true}]}}