{"id":22807,"date":"2022-06-14T09:37:31","date_gmt":"2022-06-14T07:37:31","guid":{"rendered":"https:\/\/blogs.elcomercio.es\/reflexiones-de-belarmino\/?p=22807"},"modified":"2022-06-14T09:37:31","modified_gmt":"2022-06-14T07:37:31","slug":"la-cordillera-cantabrica-sera-el-refugio-de-los-espanoles-en-15-anos","status":"publish","type":"post","link":"https:\/\/blogs.elcomercio.es\/reflexiones-de-belarmino\/2022\/06\/14\/la-cordillera-cantabrica-sera-el-refugio-de-los-espanoles-en-15-anos\/","title":{"rendered":"\u00a1\u00a1\u00a1LA CORDILLERA CANT\u00c1BRICA SER\u00c1 EL REFUGIO DE LOS ESPA\u00d1OLES EN 15 A\u00d1OS !!!"},"content":{"rendered":"<p><b>Mientras en Nueva York han gastado 800 millones de d\u00f3lares para salvar a la ciudad de las inundaciones del Cambio Clim\u00e1tico, y en el mundo hay\u00a0desastres naturales\u00a0nunca vistos, Espa\u00f1a en el mar m\u00e1s caliente del planeta, el Mediterr\u00e1neo, observa que cada vez m\u00e1s el clima del sur y el centro del pa\u00eds pasa de los 40 grados, antes del verano.<\/b><\/p>\n<p><strong>Cualquier\u00a0<\/strong><b>observador puede entender el proceso. El calor y los aumentos de temperatura vienen desde el norte de Africa y la cercan\u00eda con el Mediterr\u00e1neo.<\/b><\/p>\n<p><b>Este proceso lleva a abatir los tiempos dur\u00edsimos\u00a0del norte del pa\u00eds y la l\u00f3gica indica que en el futuro ser\u00e1n las provincias del norte de Espa\u00f1a, las m\u00e1s deseadas: Asturias, Galicia y Cantabria.<\/b><\/p>\n<!-- AddThis Advanced Settings generic via filter on the_content --><!-- AddThis Share Buttons generic via filter on the_content -->","protected":false},"excerpt":{"rendered":"<p>Mientras en Nueva York han gastado 800 millones de d\u00f3lares para salvar a la ciudad de las inundaciones del Cambio Clim\u00e1tico, y en el mundo hay\u00a0desastres naturales\u00a0nunca vistos, Espa\u00f1a en el mar m\u00e1s caliente del planeta, el Mediterr\u00e1neo, observa que cada vez m\u00e1s el clima del sur y el centro del pa\u00eds pasa de los [&hellip;]<!-- AddThis Advanced Settings generic via filter on get_the_excerpt --><!-- AddThis Share Buttons generic via filter on get_the_excerpt --><\/p>\n","protected":false},"author":16,"featured_media":0,"comment_status":"open","ping_status":"closed","sticky":false,"template":"","format":"standard","meta":[],"categories":[1],"tags":[],"_links":{"self":[{"href":"https:\/\/blogs.elcomercio.es\/reflexiones-de-belarmino\/wp-json\/wp\/v2\/posts\/22807"}],"collection":[{"href":"https:\/\/blogs.elcomercio.es\/reflexiones-de-belarmino\/wp-json\/wp\/v2\/posts"}],"about":[{"href":"https:\/\/blogs.elcomercio.es\/reflexiones-de-belarmino\/wp-json\/wp\/v2\/types\/post"}],"author":[{"embeddable":true,"href":"https:\/\/blogs.elcomercio.es\/reflexiones-de-belarmino\/wp-json\/wp\/v2\/users\/16"}],"replies":[{"embeddable":true,"href":"https:\/\/blogs.elcomercio.es\/reflexiones-de-belarmino\/wp-json\/wp\/v2\/comments?post=22807"}],"version-history":[{"count":1,"href":"https:\/\/blogs.elcomercio.es\/reflexiones-de-belarmino\/wp-json\/wp\/v2\/posts\/22807\/revisions"}],"predecessor-version":[{"id":22808,"href":"https:\/\/blogs.elcomercio.es\/reflexiones-de-belarmino\/wp-json\/wp\/v2\/posts\/22807\/revisions\/22808"}],"wp:attachment":[{"href":"https:\/\/blogs.elcomercio.es\/reflexiones-de-belarmino\/wp-json\/wp\/v2\/media?parent=22807"}],"wp:term":[{"taxonomy":"category","embeddable":true,"href":"https:\/\/blogs.elcomercio.es\/reflexiones-de-belarmino\/wp-json\/wp\/v2\/categories?post=22807"},{"taxonomy":"post_tag","embeddable":true,"href":"https:\/\/blogs.elcomercio.es\/reflexiones-de-belarmino\/wp-json\/wp\/v2\/tags?post=22807"}],"curies":[{"name":"wp","href":"https:\/\/api.w.org\/{rel}","templated":true}]}}