{"id":22809,"date":"2022-06-14T09:46:07","date_gmt":"2022-06-14T07:46:07","guid":{"rendered":"https:\/\/blogs.elcomercio.es\/reflexiones-de-belarmino\/?p=22809"},"modified":"2022-06-14T09:46:37","modified_gmt":"2022-06-14T07:46:37","slug":"tras-la-elecciones-del-2020-el-presidente-se-volvio-mas-loco-que-nunca","status":"publish","type":"post","link":"https:\/\/blogs.elcomercio.es\/reflexiones-de-belarmino\/2022\/06\/14\/tras-la-elecciones-del-2020-el-presidente-se-volvio-mas-loco-que-nunca\/","title":{"rendered":"\u00a1\u00a1\u00a1&#8221;TRAS LA ELECCIONES DEL 2020, EL PRESIDENTE SE VOLVI\u00d3 M\u00c1S LOCO QUE NUNCA &#8221; !!!"},"content":{"rendered":"<p><strong>&#8221; Tras la elecciones del 2020, el presidente se volvi\u00f3 m\u00e1s loco que nunca&#8221;.William Bars, fiscal general en el el gobierno de Donald Trump.<\/strong><\/p>\n<p><b>La sesi\u00f3n de anoche, se dedic\u00f3 a la noche del conteo. Trump, fuera de s\u00ed, no reconoc\u00eda\u00a0la derrota a pesar de que quienes lo rodeaban no compart\u00edan lo del fraude, a excepci\u00f3n de su abogado Ralph\u00a0 Giuliani\u00a0 \u00a0que, en estado de embriaguez seg\u00fan los testigos, azuzaba al presidente en favor sobre el fraude.<\/b><\/p>\n<p>&nbsp;<\/p>\n<!-- AddThis Advanced Settings generic via filter on the_content --><!-- AddThis Share Buttons generic via filter on the_content -->","protected":false},"excerpt":{"rendered":"<p>&#8221; Tras la elecciones del 2020, el presidente se volvi\u00f3 m\u00e1s loco que nunca&#8221;.William Bars, fiscal general en el el gobierno de Donald Trump. La sesi\u00f3n de anoche, se dedic\u00f3 a la noche del conteo. Trump, fuera de s\u00ed, no reconoc\u00eda\u00a0la derrota a pesar de que quienes lo rodeaban no compart\u00edan lo del fraude, a [&hellip;]<!-- AddThis Advanced Settings generic via filter on get_the_excerpt --><!-- AddThis Share Buttons generic via filter on get_the_excerpt --><\/p>\n","protected":false},"author":16,"featured_media":0,"comment_status":"open","ping_status":"closed","sticky":false,"template":"","format":"standard","meta":[],"categories":[1],"tags":[],"_links":{"self":[{"href":"https:\/\/blogs.elcomercio.es\/reflexiones-de-belarmino\/wp-json\/wp\/v2\/posts\/22809"}],"collection":[{"href":"https:\/\/blogs.elcomercio.es\/reflexiones-de-belarmino\/wp-json\/wp\/v2\/posts"}],"about":[{"href":"https:\/\/blogs.elcomercio.es\/reflexiones-de-belarmino\/wp-json\/wp\/v2\/types\/post"}],"author":[{"embeddable":true,"href":"https:\/\/blogs.elcomercio.es\/reflexiones-de-belarmino\/wp-json\/wp\/v2\/users\/16"}],"replies":[{"embeddable":true,"href":"https:\/\/blogs.elcomercio.es\/reflexiones-de-belarmino\/wp-json\/wp\/v2\/comments?post=22809"}],"version-history":[{"count":3,"href":"https:\/\/blogs.elcomercio.es\/reflexiones-de-belarmino\/wp-json\/wp\/v2\/posts\/22809\/revisions"}],"predecessor-version":[{"id":22812,"href":"https:\/\/blogs.elcomercio.es\/reflexiones-de-belarmino\/wp-json\/wp\/v2\/posts\/22809\/revisions\/22812"}],"wp:attachment":[{"href":"https:\/\/blogs.elcomercio.es\/reflexiones-de-belarmino\/wp-json\/wp\/v2\/media?parent=22809"}],"wp:term":[{"taxonomy":"category","embeddable":true,"href":"https:\/\/blogs.elcomercio.es\/reflexiones-de-belarmino\/wp-json\/wp\/v2\/categories?post=22809"},{"taxonomy":"post_tag","embeddable":true,"href":"https:\/\/blogs.elcomercio.es\/reflexiones-de-belarmino\/wp-json\/wp\/v2\/tags?post=22809"}],"curies":[{"name":"wp","href":"https:\/\/api.w.org\/{rel}","templated":true}]}}