{"id":22813,"date":"2022-06-14T09:59:24","date_gmt":"2022-06-14T07:59:24","guid":{"rendered":"https:\/\/blogs.elcomercio.es\/reflexiones-de-belarmino\/?p=22813"},"modified":"2022-06-14T09:59:47","modified_gmt":"2022-06-14T07:59:47","slug":"sera-que-el-ridiculo-de-macarena-olona-haga-retroceder-a-vox-en-andalucia","status":"publish","type":"post","link":"https:\/\/blogs.elcomercio.es\/reflexiones-de-belarmino\/2022\/06\/14\/sera-que-el-ridiculo-de-macarena-olona-haga-retroceder-a-vox-en-andalucia\/","title":{"rendered":"\u00a1\u00a1\u00a1\u00a1\u00bfSER\u00c1 QUE EL RID\u00cdCULO DE MACARENA OLONA HAGA RETROCEDER A VOX EN ANDALUC\u00cdA ?!!!"},"content":{"rendered":"<p><b>\u00bf De donde extrajeron a aquella candidata?. \u00bf Ser\u00eda por su nombre de Macarena?. El caso es que esa mujer a niveles exultantes:&#8221;Juanma Moreno ser\u00e1 mi vicepresidente &#8220;, se\u00a0ha presentado en aquella hist\u00f3rica provincia como alguien desconocedora\u00a0de ella, y quiz\u00e1s lo \u00fanico\u00a0\u00a0que sab\u00eda\u00a0de ella ser\u00eda por los pinchos y alguna comida.<\/b><\/p>\n<p><b>Hacer campa\u00f1a hablando vestida de negro para ir a una gran fiesta, mostrando el busto, con aquel campesino\u00a0andaluz en las tierras de cultivo, sinceramente nunca lo hab\u00edamos\u00a0visto.<\/b><\/p>\n<p><b>A pesar de que, por su falta de empat\u00eda, le prohibieron\u00a0que la semana pasado no hiciese ning\u00fan acto y de que Abascal va a estar este semana en 6 m\u00edtines\u00a0con ella, nos preguntamos:\u00bf Ser\u00e1\u00a0que Macarena Olona, sea la primera en bajar el ascenso nacional de Vox?.<\/b><\/p>\n<p><strong>El domingo lo sabremos.<\/strong><\/p>\n<p>&nbsp;<\/p>\n<p>&nbsp;<\/p>\n<!-- AddThis Advanced Settings generic via filter on the_content --><!-- AddThis Share Buttons generic via filter on the_content -->","protected":false},"excerpt":{"rendered":"<p>\u00bf De donde extrajeron a aquella candidata?. \u00bf Ser\u00eda por su nombre de Macarena?. El caso es que esa mujer a niveles exultantes:&#8221;Juanma Moreno ser\u00e1 mi vicepresidente &#8220;, se\u00a0ha presentado en aquella hist\u00f3rica provincia como alguien desconocedora\u00a0de ella, y quiz\u00e1s lo \u00fanico\u00a0\u00a0que sab\u00eda\u00a0de ella ser\u00eda por los pinchos y alguna comida. Hacer campa\u00f1a hablando vestida [&hellip;]<!-- AddThis Advanced Settings generic via filter on get_the_excerpt --><!-- AddThis Share Buttons generic via filter on get_the_excerpt --><\/p>\n","protected":false},"author":16,"featured_media":0,"comment_status":"open","ping_status":"closed","sticky":false,"template":"","format":"standard","meta":[],"categories":[1],"tags":[],"_links":{"self":[{"href":"https:\/\/blogs.elcomercio.es\/reflexiones-de-belarmino\/wp-json\/wp\/v2\/posts\/22813"}],"collection":[{"href":"https:\/\/blogs.elcomercio.es\/reflexiones-de-belarmino\/wp-json\/wp\/v2\/posts"}],"about":[{"href":"https:\/\/blogs.elcomercio.es\/reflexiones-de-belarmino\/wp-json\/wp\/v2\/types\/post"}],"author":[{"embeddable":true,"href":"https:\/\/blogs.elcomercio.es\/reflexiones-de-belarmino\/wp-json\/wp\/v2\/users\/16"}],"replies":[{"embeddable":true,"href":"https:\/\/blogs.elcomercio.es\/reflexiones-de-belarmino\/wp-json\/wp\/v2\/comments?post=22813"}],"version-history":[{"count":2,"href":"https:\/\/blogs.elcomercio.es\/reflexiones-de-belarmino\/wp-json\/wp\/v2\/posts\/22813\/revisions"}],"predecessor-version":[{"id":22815,"href":"https:\/\/blogs.elcomercio.es\/reflexiones-de-belarmino\/wp-json\/wp\/v2\/posts\/22813\/revisions\/22815"}],"wp:attachment":[{"href":"https:\/\/blogs.elcomercio.es\/reflexiones-de-belarmino\/wp-json\/wp\/v2\/media?parent=22813"}],"wp:term":[{"taxonomy":"category","embeddable":true,"href":"https:\/\/blogs.elcomercio.es\/reflexiones-de-belarmino\/wp-json\/wp\/v2\/categories?post=22813"},{"taxonomy":"post_tag","embeddable":true,"href":"https:\/\/blogs.elcomercio.es\/reflexiones-de-belarmino\/wp-json\/wp\/v2\/tags?post=22813"}],"curies":[{"name":"wp","href":"https:\/\/api.w.org\/{rel}","templated":true}]}}