{"id":22819,"date":"2022-06-14T10:15:26","date_gmt":"2022-06-14T08:15:26","guid":{"rendered":"https:\/\/blogs.elcomercio.es\/reflexiones-de-belarmino\/?p=22819"},"modified":"2022-06-14T10:15:26","modified_gmt":"2022-06-14T08:15:26","slug":"zelenski-exige-a-alemania-que-no-se-esconda","status":"publish","type":"post","link":"https:\/\/blogs.elcomercio.es\/reflexiones-de-belarmino\/2022\/06\/14\/zelenski-exige-a-alemania-que-no-se-esconda\/","title":{"rendered":"\u00a1\u00a1\u00a1\u00a1ZELENSKI EXIGE A ALEMANIA QUE &#8220;NO SE ESCONDA&#8221; !!!"},"content":{"rendered":"<p><b>Dirigido a Scholtz, Zelenski fue muy duro con Alemania ayer, al criticar que nunca haya visitado Kiev y que tenga una situaci\u00f3n pasiva. Alemania con un gran sentido pragm\u00e1tico, sabiendo lo que es el proyecto de Biden, a la vez que se rearma por primera vez en 75 a\u00f1os, sabe\u00a0que Europa necesita,como ayer lo dijo Macron, que sus decisiones las tome Europa y no EE:UU a trav\u00e9s de la OTAN.<\/b><\/p>\n<p><strong>Alemania sabe bien que no quiere enfrentarse a Rusia, pensando en el futuro.<\/strong><\/p>\n<p>&nbsp;<\/p>\n<!-- AddThis Advanced Settings generic via filter on the_content --><!-- AddThis Share Buttons generic via filter on the_content -->","protected":false},"excerpt":{"rendered":"<p>Dirigido a Scholtz, Zelenski fue muy duro con Alemania ayer, al criticar que nunca haya visitado Kiev y que tenga una situaci\u00f3n pasiva. Alemania con un gran sentido pragm\u00e1tico, sabiendo lo que es el proyecto de Biden, a la vez que se rearma por primera vez en 75 a\u00f1os, sabe\u00a0que Europa necesita,como ayer lo dijo [&hellip;]<!-- AddThis Advanced Settings generic via filter on get_the_excerpt --><!-- AddThis Share Buttons generic via filter on get_the_excerpt --><\/p>\n","protected":false},"author":16,"featured_media":0,"comment_status":"open","ping_status":"closed","sticky":false,"template":"","format":"standard","meta":[],"categories":[1],"tags":[],"_links":{"self":[{"href":"https:\/\/blogs.elcomercio.es\/reflexiones-de-belarmino\/wp-json\/wp\/v2\/posts\/22819"}],"collection":[{"href":"https:\/\/blogs.elcomercio.es\/reflexiones-de-belarmino\/wp-json\/wp\/v2\/posts"}],"about":[{"href":"https:\/\/blogs.elcomercio.es\/reflexiones-de-belarmino\/wp-json\/wp\/v2\/types\/post"}],"author":[{"embeddable":true,"href":"https:\/\/blogs.elcomercio.es\/reflexiones-de-belarmino\/wp-json\/wp\/v2\/users\/16"}],"replies":[{"embeddable":true,"href":"https:\/\/blogs.elcomercio.es\/reflexiones-de-belarmino\/wp-json\/wp\/v2\/comments?post=22819"}],"version-history":[{"count":1,"href":"https:\/\/blogs.elcomercio.es\/reflexiones-de-belarmino\/wp-json\/wp\/v2\/posts\/22819\/revisions"}],"predecessor-version":[{"id":22820,"href":"https:\/\/blogs.elcomercio.es\/reflexiones-de-belarmino\/wp-json\/wp\/v2\/posts\/22819\/revisions\/22820"}],"wp:attachment":[{"href":"https:\/\/blogs.elcomercio.es\/reflexiones-de-belarmino\/wp-json\/wp\/v2\/media?parent=22819"}],"wp:term":[{"taxonomy":"category","embeddable":true,"href":"https:\/\/blogs.elcomercio.es\/reflexiones-de-belarmino\/wp-json\/wp\/v2\/categories?post=22819"},{"taxonomy":"post_tag","embeddable":true,"href":"https:\/\/blogs.elcomercio.es\/reflexiones-de-belarmino\/wp-json\/wp\/v2\/tags?post=22819"}],"curies":[{"name":"wp","href":"https:\/\/api.w.org\/{rel}","templated":true}]}}