{"id":22823,"date":"2022-06-14T11:14:12","date_gmt":"2022-06-14T09:14:12","guid":{"rendered":"https:\/\/blogs.elcomercio.es\/reflexiones-de-belarmino\/?p=22823"},"modified":"2022-06-14T11:14:12","modified_gmt":"2022-06-14T09:14:12","slug":"moreno-se-fortalece-pierde-olona-y-se-fortalece-teresa-rodriguez","status":"publish","type":"post","link":"https:\/\/blogs.elcomercio.es\/reflexiones-de-belarmino\/2022\/06\/14\/moreno-se-fortalece-pierde-olona-y-se-fortalece-teresa-rodriguez\/","title":{"rendered":"\u00a1\u00a1\u00a1\u00a1MORENO SE FORTALECE, PIERDE OLONA Y SE FORTALECE TERESA RODR\u00cdGUEZ!!"},"content":{"rendered":"<p><b>Tras el segundo debate casi todos coinciden. Se fortalece Juanma Moreno que ante el desafiante &#8220;si usted necesita\u00a0un voto de Vox, no lo tendr\u00e1 si no estamos en\u00a0el gobierno&#8221; que le salt\u00f3 la se\u00f1ora Olona, tras las palabras de Moreno: &#8221; Ustedes no creen en la Autonom\u00eda\u00a0de\u00a0Andaluc\u00eda, van por destruir el Estado, entre otras cosas&#8221;.<\/b><\/p>\n<p><b>Esas palabras de Olona y el d\u00e9bil\u00a0papel de Juan Espadas, pueden llevar a que una parte de los socialistas andaluces le den su voto a Moreno para lograr la mayor\u00eda y evitar a VOX.<\/b><\/p>\n<p><b>Tambi\u00e9n\u00a0preferir\u00edan darle el voto a Ciudadanos para una alianza PP-Ciudadanos, siempre sabedores de lo que significa VOX,<\/b><\/p>\n<p><b>Por parte de izquierda\u00a0Teresa Rodr\u00edguez, la \u00fanica\u00a0que no\u00a0est\u00e1 en la alianza con Teresa\u00a0Rodr\u00edguez, se ha levantado\u00a0de casi nada, su esca\u00f1o a 3 el fin de semana, en Adelante Andaluc\u00eda\u00a0ante 7 de Por Andaluc\u00eda, pero con ideas claras va a tener m\u00e1s de los 3.<\/b><\/p>\n<p><strong>En ese marco se presentan las elecciones del domingo en la mayor Comunidad de Espa\u00f1a, con 9 millones de votantes..<\/strong><\/p>\n<p><b>Que Vox no entre al gobierno, ser\u00eda la buena noticia para la democracia espa\u00f1ola, sea del color que sea.Quien va por el poder y no por el gobierno, rompiendo el juego democr\u00e1tico\u00a0plasmado en la Constituci\u00f3n, debemos esquivarlo.<\/b><\/p>\n<!-- AddThis Advanced Settings generic via filter on the_content --><!-- AddThis Share Buttons generic via filter on the_content -->","protected":false},"excerpt":{"rendered":"<p>Tras el segundo debate casi todos coinciden. Se fortalece Juanma Moreno que ante el desafiante &#8220;si usted necesita\u00a0un voto de Vox, no lo tendr\u00e1 si no estamos en\u00a0el gobierno&#8221; que le salt\u00f3 la se\u00f1ora Olona, tras las palabras de Moreno: &#8221; Ustedes no creen en la Autonom\u00eda\u00a0de\u00a0Andaluc\u00eda, van por destruir el Estado, entre otras cosas&#8221;. [&hellip;]<!-- AddThis Advanced Settings generic via filter on get_the_excerpt --><!-- AddThis Share Buttons generic via filter on get_the_excerpt --><\/p>\n","protected":false},"author":16,"featured_media":0,"comment_status":"open","ping_status":"closed","sticky":false,"template":"","format":"standard","meta":[],"categories":[1],"tags":[],"_links":{"self":[{"href":"https:\/\/blogs.elcomercio.es\/reflexiones-de-belarmino\/wp-json\/wp\/v2\/posts\/22823"}],"collection":[{"href":"https:\/\/blogs.elcomercio.es\/reflexiones-de-belarmino\/wp-json\/wp\/v2\/posts"}],"about":[{"href":"https:\/\/blogs.elcomercio.es\/reflexiones-de-belarmino\/wp-json\/wp\/v2\/types\/post"}],"author":[{"embeddable":true,"href":"https:\/\/blogs.elcomercio.es\/reflexiones-de-belarmino\/wp-json\/wp\/v2\/users\/16"}],"replies":[{"embeddable":true,"href":"https:\/\/blogs.elcomercio.es\/reflexiones-de-belarmino\/wp-json\/wp\/v2\/comments?post=22823"}],"version-history":[{"count":1,"href":"https:\/\/blogs.elcomercio.es\/reflexiones-de-belarmino\/wp-json\/wp\/v2\/posts\/22823\/revisions"}],"predecessor-version":[{"id":22824,"href":"https:\/\/blogs.elcomercio.es\/reflexiones-de-belarmino\/wp-json\/wp\/v2\/posts\/22823\/revisions\/22824"}],"wp:attachment":[{"href":"https:\/\/blogs.elcomercio.es\/reflexiones-de-belarmino\/wp-json\/wp\/v2\/media?parent=22823"}],"wp:term":[{"taxonomy":"category","embeddable":true,"href":"https:\/\/blogs.elcomercio.es\/reflexiones-de-belarmino\/wp-json\/wp\/v2\/categories?post=22823"},{"taxonomy":"post_tag","embeddable":true,"href":"https:\/\/blogs.elcomercio.es\/reflexiones-de-belarmino\/wp-json\/wp\/v2\/tags?post=22823"}],"curies":[{"name":"wp","href":"https:\/\/api.w.org\/{rel}","templated":true}]}}