{"id":22825,"date":"2022-06-14T13:55:23","date_gmt":"2022-06-14T11:55:23","guid":{"rendered":"https:\/\/blogs.elcomercio.es\/reflexiones-de-belarmino\/?p=22825"},"modified":"2022-06-14T13:55:23","modified_gmt":"2022-06-14T11:55:23","slug":"para-qoshe-11-y-final-proyecto-lavandera-15-anos-13-euros-diarios-sin-ordenador","status":"publish","type":"post","link":"https:\/\/blogs.elcomercio.es\/reflexiones-de-belarmino\/2022\/06\/14\/para-qoshe-11-y-final-proyecto-lavandera-15-anos-13-euros-diarios-sin-ordenador\/","title":{"rendered":"\u00a1\u00a1\u00a1PARA QOSHE (11 Y FINAL)-PROYECTO LAVANDERA, 15 A\u00d1OS, 13 EUROS DIARIOS ,SIN ORDENADOR!!!"},"content":{"rendered":"<p><b>&#8221; Se comenta, que vienes huyendo de M\u00e9xico&#8221;; &#8220;se comenta que vienes\u00a0a medrar\u00a0del partido&#8221; le dec\u00eda Marcelo Garc\u00eda\u00a0su compa\u00f1ero y amigo. &#8220;A ver que viene buscando&#8221; dec\u00eda Areces; &#8220;no aqu\u00ed\u00a0 no necesitamos a nadie\u00a0que nos ayude\u00a0en las\u00a0agrupaciones, la formaci\u00f3n es de Madrid&#8221;, le dec\u00eda aquel hombres gris que no miraba a la cara Javier Fern\u00e1ndez que le dio cita 10 meses despu\u00e9s de haber llegado.Sin saber que no era de\u00a0 Guerra, sino del PRI, la orden era &#8220;Quien se mueva no sale en la foto&#8221;,la l\u00ednea del se\u00f1or Fern\u00e1ndez. De aquel socialismo, cuyo eje era Fern\u00e1ndez Villa, no quiero acordarme.<\/b><\/p>\n<p><strong>&#8220;No quiero volverte a ver jam\u00e1s&#8221; le espet\u00f3 el padre,ante la sonrisa de aquella viuda llamada Bel\u00e9n Tordesillas, que, a pesar de un juez, le daba 20 minutos a la semana para visitar a su hermano enfermo y s\u00f3lo en su recamara, tras fallecer el padre.<\/strong><\/p>\n<p><b>Y durante 15 a\u00f1os, en mi modesto y hermoso departamento, gracias al Estado del Bienestar en Asturias, pude iniciar\u00a0mi SEGUNDA VIDA.<\/b><\/p>\n<p><b>S\u00f3lo con mi otro yo, con 13 euros diarios, sin m\u00f3vil, ni ordenador, si conocer un cine,sin ir a un restaurante o a un ballet, surgi\u00f3 la vida que no hubiera vivido en M\u00e9xico.<\/b><\/p>\n<p><b>Habiendo tenido en M\u00e9xico siempre secretarias que manejan\u00a0los ordenadores, al llegar tom\u00f3 s\u00f3lo un curso de Words, de 15 d\u00edas en Jove y se echo a andar.Al no tener, hasta hoy, ordenador propio, m\u00e1s que el que usa de los Apartamentos, buscaba todos los d\u00edas los ordenadores publicos del Ateneo de la Calzada y de Natahoyo. Ello le obligaban a caminar 8 kil\u00f3metros\u00a0diarios con lo que me manten\u00eda en forma.<\/b><\/p>\n<p><b>Siempre, diariamente\u00a0en contacto con sus hijas, plane\u00f3\u00a0el Proyecto Lavandera, que ya cumpli\u00f3 4 partes pero la 5, muy ambiciosa todav\u00eda\u00a0no sale. Durante esos 15 a\u00f1os de salir s\u00f3lo a &#8220;cranear &#8220;, sin darse cuenta observ\u00f3 hace 5 a\u00f1os que su memoria\u00a0se hab\u00eda despertado, al grado de que ahora se acuerda de todo desde los 3 a\u00f1os. Si necesitaba lentes para vista cansada, dej\u00f3 de usarlos. Su mente y su vista no perd\u00edan, sino recuperaban. Un d\u00eda lo supo; tanto cranear est\u00edmulo\u00a0las neuronas de la memoria.<\/b><\/p>\n<p><b>Un d\u00eda decidi\u00f3\u00a0sintetizar la historia de los 12,000 a\u00f1os del Homo Sapiens desde la \u00faltima glaciaci\u00f3n y lo hizo en 10 folios doble carta. Hoy recuerda la historia, sus \u00e9pocas, sus personajes.Recuerda haberse ofrecido a El Comercio: &#8221; En un hora, sin un papel, con un mapa&#8221; puedo explicar la historia de la humanidad&#8221;.No tuvepo exito, pero si lo acept\u00f3 la Nueva Espa\u00f1a de Gij\u00f3n, y una tarde, ante 100 personas, ante un gran mapamundi\u00a0proyectado en la pared y un l\u00e1piz\u00a0l\u00e1ser, lo logr\u00f3. M\u00e1s que nada era la confirmaci\u00f3n\u00a0de que ahora puede hacerlo.<\/b><\/p>\n<p><b>Ha escrito ,hasta este, 6,950 blogs en 7 a\u00f1os, Ha escrito tres libros, &#8221; Belarmino, uno mas de los sin nada&#8221;, &#8221; Pura y Rafael, 50 a\u00f1os de moral p\u00fablica&#8221; y &#8221; Entre Mareas&#8221; , todos en formato digital y gratuitos y tengo escrito &#8220;El Salm\u00f3n de el Caribe a el Cant\u00e1brico&#8221; y &#8221; Belarmino y Consejo Soberano de Asturias y Le\u00f3n&#8221; y preparo la &#8220;Cuarta Transformaci\u00f3n\u00a0de M\u00e9xico &#8221; , &#8221; la Transici\u00f3n Gatopardista&#8221; y &#8221; La tierna historia de la lucha del Hombre&#8221;.Es mi forma de entregarle a Asturias una modesta compensaci\u00f3n por todo lo que he recibido.<\/b><\/p>\n<p><b>Al llegar fui a mi medica de cabecera do\u00f1a Celia\u00a0 y le ped\u00eda ayuda, &#8221; Ya llegue a los 67,he cometido estos excesos. Necesito su ayuda &#8220;, Cada a\u00f1o iba a ver a la doctora Tamargo y le daba las gracias.<\/b><\/p>\n<p><b>Desde joven,amante del mar y el sol, desde Acapulco, Veracruz, el Pac\u00edfico, el Atl\u00e1ntico y el Caribe y luego piscina en la casa, nunca se cuido. Un d\u00eda le atrap\u00f3 la debilidad del sol asturiano y surgi\u00f3 un melanoma.Lo informo a todos sus lectores en Facebook, amigos, en M\u00e9xico, Estados Unidos, Per\u00fa\u00a0y Canad\u00e1.<\/b><\/p>\n<p><b>De nuevo la extraordinaria\u00a0salud p\u00fablica, este vez de parte de la Doctora Ma\u00edllo\u00a0de Cabue\u00f1es, gran dermat\u00f3loga, le operaron, y sali\u00f3\u00a0 el mismo d\u00eda y han pasado 5 a\u00f1os y le dieron el alta.-Un lujo la doctora\u00a0Ma\u00edllo y su equipo..<\/b><\/p>\n<p><b>&#8221; Al despertar de la anestesia general y al o\u00edr, \u00bfsabe\u00a0qui\u00e9n\u00a0soy?, Claro la doctora que me oper\u00f3 y le solt\u00f3 apenas despertando: \u00bf Sabe lo que primero que voy a hacer?, Salir a la calle a manifestar mi apoyo a la salud p\u00fablica&#8221;(as\u00ed reaccion\u00f3 su inconsciente).<\/b><\/p>\n<p><b>Siempre con la prevenci\u00f3n por delante, desde un principio quer\u00eda hacerse un electro de esfuerzo, pero dado que no lo inclu\u00eda la Seguridad Social, sin dinero nunca pudeo hacerlo .Pero al confundir una medicaci\u00f3n, con cansancio y una opresi\u00f3n\u00a0en el pecho, la doctora Camargo le mand\u00f3\u00a0a urgencias de Jove.Cuando en casa se di cuenta de la pastilla, la doctora le dijo:&#8221;\u00a0si el cardi\u00f3logo le dijo que quer\u00eda un electro de esfuerzo, hagaselo.&#8221;<\/b><\/p>\n<p><b>Y de\u00a0pronto su gran ilusi\u00f3n, el electro de esfuerzo, lo\u00a0realizaba en Jove. Al terminar\u00a0el\u00a0 cardi\u00f3logo\u00a0le dice: &#8221; Don Rafael, usted no tiene un coraz\u00f3n\u00a0de 82 a\u00f1os sino de 70 \u00bf?.&#8221;.<\/b><\/p>\n<p><b>Y de pronto,me encuentro en una p\u00e1gina\u00a0web: QOSHE.COM, pasando de nivel asturiano a nacional.<\/b><\/p>\n<p><b>Mas unido que nunca con sus hijas y\u00a0 y deseoso\u00a0de\u00a0 gozar a sus nietosnietos, aqu\u00ed est\u00e1 en la ciudad donde Belarmino y decenas de miles lucharon contra el fascismo 461 d\u00edas.<\/b><\/p>\n<p><strong>\u00bf Que m\u00e1s le puede pedir a la vida ?.<\/strong><\/p>\n<p><strong>\u00a0Podr\u00eda terminar ahora en pleno agradecimiento a la vida, pero todav\u00eda tengo vida,y una parte del proyecto Lavandera dedicada a mis hijas y nietos y unos pendientillos que me faltan en la vida.<\/strong><\/p>\n<p><b>Hoy termina de transmitirles\u00a0a trav\u00e9s el blog de El Comercio y para los lectores de QOSHE, la VIDA DE U REFUGIADO ESPA\u00d1OL SEMBRADO EN TIERRAS DE ZAPATA.<\/b><\/p>\n<p><strong>Gracias.<\/strong><\/p>\n<p>&nbsp;<\/p>\n<p>&nbsp;<\/p>\n<p>&nbsp;<\/p>\n<!-- AddThis Advanced Settings generic via filter on the_content --><!-- AddThis Share Buttons generic via filter on the_content -->","protected":false},"excerpt":{"rendered":"<p>&#8221; Se comenta, que vienes huyendo de M\u00e9xico&#8221;; &#8220;se comenta que vienes\u00a0a medrar\u00a0del partido&#8221; le dec\u00eda Marcelo Garc\u00eda\u00a0su compa\u00f1ero y amigo. &#8220;A ver que viene buscando&#8221; dec\u00eda Areces; &#8220;no aqu\u00ed\u00a0 no necesitamos a nadie\u00a0que nos ayude\u00a0en las\u00a0agrupaciones, la formaci\u00f3n es de Madrid&#8221;, le dec\u00eda aquel hombres gris que no miraba a la cara Javier Fern\u00e1ndez [&hellip;]<!-- AddThis Advanced Settings generic via filter on get_the_excerpt --><!-- AddThis Share Buttons generic via filter on get_the_excerpt --><\/p>\n","protected":false},"author":16,"featured_media":0,"comment_status":"open","ping_status":"closed","sticky":false,"template":"","format":"standard","meta":[],"categories":[1],"tags":[],"_links":{"self":[{"href":"https:\/\/blogs.elcomercio.es\/reflexiones-de-belarmino\/wp-json\/wp\/v2\/posts\/22825"}],"collection":[{"href":"https:\/\/blogs.elcomercio.es\/reflexiones-de-belarmino\/wp-json\/wp\/v2\/posts"}],"about":[{"href":"https:\/\/blogs.elcomercio.es\/reflexiones-de-belarmino\/wp-json\/wp\/v2\/types\/post"}],"author":[{"embeddable":true,"href":"https:\/\/blogs.elcomercio.es\/reflexiones-de-belarmino\/wp-json\/wp\/v2\/users\/16"}],"replies":[{"embeddable":true,"href":"https:\/\/blogs.elcomercio.es\/reflexiones-de-belarmino\/wp-json\/wp\/v2\/comments?post=22825"}],"version-history":[{"count":4,"href":"https:\/\/blogs.elcomercio.es\/reflexiones-de-belarmino\/wp-json\/wp\/v2\/posts\/22825\/revisions"}],"predecessor-version":[{"id":22829,"href":"https:\/\/blogs.elcomercio.es\/reflexiones-de-belarmino\/wp-json\/wp\/v2\/posts\/22825\/revisions\/22829"}],"wp:attachment":[{"href":"https:\/\/blogs.elcomercio.es\/reflexiones-de-belarmino\/wp-json\/wp\/v2\/media?parent=22825"}],"wp:term":[{"taxonomy":"category","embeddable":true,"href":"https:\/\/blogs.elcomercio.es\/reflexiones-de-belarmino\/wp-json\/wp\/v2\/categories?post=22825"},{"taxonomy":"post_tag","embeddable":true,"href":"https:\/\/blogs.elcomercio.es\/reflexiones-de-belarmino\/wp-json\/wp\/v2\/tags?post=22825"}],"curies":[{"name":"wp","href":"https:\/\/api.w.org\/{rel}","templated":true}]}}