{"id":22830,"date":"2022-06-14T15:08:17","date_gmt":"2022-06-14T13:08:17","guid":{"rendered":"https:\/\/blogs.elcomercio.es\/reflexiones-de-belarmino\/?p=22830"},"modified":"2022-06-14T15:08:17","modified_gmt":"2022-06-14T13:08:17","slug":"rusia-recibe-de-europa-por-carbongas-y-petroleo-mas-de-lo-que-gasta-en-la-guerra","status":"publish","type":"post","link":"https:\/\/blogs.elcomercio.es\/reflexiones-de-belarmino\/2022\/06\/14\/rusia-recibe-de-europa-por-carbongas-y-petroleo-mas-de-lo-que-gasta-en-la-guerra\/","title":{"rendered":"\u00a1\u00a1\u00a1\u00a1RUSIA RECIBE DE EUROPA POR CARB\u00d3N,GAS Y PETR\u00d3LEO M\u00c1S DE LO QUE GASTA EN LA GUERRA !!"},"content":{"rendered":"<p><b>El Instituto de investigaci\u00f3n de Energ\u00eda\u00a0y Aire Limpio, inform\u00f3 hoy que Rusia\u00a0 ha recibido\u00a0en 100 d\u00edas 93,000 millones de dolares de parte de Europa por el carb\u00f3n, gas y petroleo que les vende, y, seg\u00fan esta informaci\u00f3n, Rusia gasta en la guerra 8,400 millones de d\u00f3lares al d\u00eda. De ser as\u00ed mostrar\u00eda que la guerra de Rusia invadiendo a Ucrania la est\u00e1 pagando \u00edntegramente\u00a0Europa.<\/b><\/p>\n<!-- AddThis Advanced Settings generic via filter on the_content --><!-- AddThis Share Buttons generic via filter on the_content -->","protected":false},"excerpt":{"rendered":"<p>El Instituto de investigaci\u00f3n de Energ\u00eda\u00a0y Aire Limpio, inform\u00f3 hoy que Rusia\u00a0 ha recibido\u00a0en 100 d\u00edas 93,000 millones de dolares de parte de Europa por el carb\u00f3n, gas y petroleo que les vende, y, seg\u00fan esta informaci\u00f3n, Rusia gasta en la guerra 8,400 millones de d\u00f3lares al d\u00eda. De ser as\u00ed mostrar\u00eda que la guerra [&hellip;]<!-- AddThis Advanced Settings generic via filter on get_the_excerpt --><!-- AddThis Share Buttons generic via filter on get_the_excerpt --><\/p>\n","protected":false},"author":16,"featured_media":0,"comment_status":"open","ping_status":"closed","sticky":false,"template":"","format":"standard","meta":[],"categories":[1],"tags":[],"_links":{"self":[{"href":"https:\/\/blogs.elcomercio.es\/reflexiones-de-belarmino\/wp-json\/wp\/v2\/posts\/22830"}],"collection":[{"href":"https:\/\/blogs.elcomercio.es\/reflexiones-de-belarmino\/wp-json\/wp\/v2\/posts"}],"about":[{"href":"https:\/\/blogs.elcomercio.es\/reflexiones-de-belarmino\/wp-json\/wp\/v2\/types\/post"}],"author":[{"embeddable":true,"href":"https:\/\/blogs.elcomercio.es\/reflexiones-de-belarmino\/wp-json\/wp\/v2\/users\/16"}],"replies":[{"embeddable":true,"href":"https:\/\/blogs.elcomercio.es\/reflexiones-de-belarmino\/wp-json\/wp\/v2\/comments?post=22830"}],"version-history":[{"count":1,"href":"https:\/\/blogs.elcomercio.es\/reflexiones-de-belarmino\/wp-json\/wp\/v2\/posts\/22830\/revisions"}],"predecessor-version":[{"id":22831,"href":"https:\/\/blogs.elcomercio.es\/reflexiones-de-belarmino\/wp-json\/wp\/v2\/posts\/22830\/revisions\/22831"}],"wp:attachment":[{"href":"https:\/\/blogs.elcomercio.es\/reflexiones-de-belarmino\/wp-json\/wp\/v2\/media?parent=22830"}],"wp:term":[{"taxonomy":"category","embeddable":true,"href":"https:\/\/blogs.elcomercio.es\/reflexiones-de-belarmino\/wp-json\/wp\/v2\/categories?post=22830"},{"taxonomy":"post_tag","embeddable":true,"href":"https:\/\/blogs.elcomercio.es\/reflexiones-de-belarmino\/wp-json\/wp\/v2\/tags?post=22830"}],"curies":[{"name":"wp","href":"https:\/\/api.w.org\/{rel}","templated":true}]}}