{"id":22841,"date":"2022-06-14T19:03:08","date_gmt":"2022-06-14T17:03:08","guid":{"rendered":"https:\/\/blogs.elcomercio.es\/reflexiones-de-belarmino\/?p=22841"},"modified":"2022-06-14T19:03:08","modified_gmt":"2022-06-14T17:03:08","slug":"para-qosheanexo-3-rafael-fernandez-alvarez-regreso-a-los-64-anos-de-mexico-primer-presidente-de-asturias","status":"publish","type":"post","link":"https:\/\/blogs.elcomercio.es\/reflexiones-de-belarmino\/2022\/06\/14\/para-qosheanexo-3-rafael-fernandez-alvarez-regreso-a-los-64-anos-de-mexico-primer-presidente-de-asturias\/","title":{"rendered":"\u00a1\u00a1\u00a1PARA QOSHE(ANEXO 3).- RAFAEL FERNANDEZ ALVAREZ, REGRESO A LOS 64 A\u00d1OS DE MEXICO, PRIMER PRESIDENTE DE ASTURIAS !!!"},"content":{"rendered":"<p><b>A los 19 a\u00f1os era el Consejero de Hacienda del Consejo de Asturias\u00a0y Le\u00f3n. Lav\u00f3 platos para darnos de comer. Regreso a los 64, con Pura y V\u00edctor\u00a0Manuel.Senador Constituyente, primer presidente de Asturias, mandado al exilio por los &#8220;socialistas&#8221; encabezados por Jos\u00e9 \u00c1ngel\u00a0Fern\u00e1ndez\u00a0Villa,del Senado. Muere a los 97 a\u00f1os de una vida de trabajo ejemplar. Descansa con Pura en total olvido de Asturias.<\/b><a style=\"font-weight: bold\" href=\"https:\/\/static-blogs.elcomercio.es\/wp-content\/uploads\/sites\/15\/2018\/09\/el-gobierno-de-Rafael.jpg\"><img loading=\"lazy\" class=\"alignnone size-full wp-image-5495\" src=\"https:\/\/static-blogs.elcomercio.es\/wp-content\/uploads\/sites\/15\/2018\/09\/el-gobierno-de-Rafael.jpg\" alt=\"\" width=\"582\" height=\"336\" srcset=\"https:\/\/static-blogs.elcomercio.es\/wp-content\/uploads\/sites\/15\/2018\/09\/el-gobierno-de-Rafael.jpg 582w, https:\/\/static-blogs.elcomercio.es\/wp-content\/uploads\/sites\/15\/2018\/09\/el-gobierno-de-Rafael-300x173.jpg 300w\" sizes=\"(max-width: 582px) 100vw, 582px\" \/><\/a><\/p>\n<!-- AddThis Advanced Settings generic via filter on the_content --><!-- AddThis Share Buttons generic via filter on the_content -->","protected":false},"excerpt":{"rendered":"<p>A los 19 a\u00f1os era el Consejero de Hacienda del Consejo de Asturias\u00a0y Le\u00f3n. Lav\u00f3 platos para darnos de comer. Regreso a los 64, con Pura y V\u00edctor\u00a0Manuel.Senador Constituyente, primer presidente de Asturias, mandado al exilio por los &#8220;socialistas&#8221; encabezados por Jos\u00e9 \u00c1ngel\u00a0Fern\u00e1ndez\u00a0Villa,del Senado. Muere a los 97 a\u00f1os de una vida de trabajo ejemplar. [&hellip;]<!-- AddThis Advanced Settings generic via filter on get_the_excerpt --><!-- AddThis Share Buttons generic via filter on get_the_excerpt --><\/p>\n","protected":false},"author":16,"featured_media":0,"comment_status":"open","ping_status":"closed","sticky":false,"template":"","format":"standard","meta":[],"categories":[1],"tags":[],"_links":{"self":[{"href":"https:\/\/blogs.elcomercio.es\/reflexiones-de-belarmino\/wp-json\/wp\/v2\/posts\/22841"}],"collection":[{"href":"https:\/\/blogs.elcomercio.es\/reflexiones-de-belarmino\/wp-json\/wp\/v2\/posts"}],"about":[{"href":"https:\/\/blogs.elcomercio.es\/reflexiones-de-belarmino\/wp-json\/wp\/v2\/types\/post"}],"author":[{"embeddable":true,"href":"https:\/\/blogs.elcomercio.es\/reflexiones-de-belarmino\/wp-json\/wp\/v2\/users\/16"}],"replies":[{"embeddable":true,"href":"https:\/\/blogs.elcomercio.es\/reflexiones-de-belarmino\/wp-json\/wp\/v2\/comments?post=22841"}],"version-history":[{"count":1,"href":"https:\/\/blogs.elcomercio.es\/reflexiones-de-belarmino\/wp-json\/wp\/v2\/posts\/22841\/revisions"}],"predecessor-version":[{"id":22842,"href":"https:\/\/blogs.elcomercio.es\/reflexiones-de-belarmino\/wp-json\/wp\/v2\/posts\/22841\/revisions\/22842"}],"wp:attachment":[{"href":"https:\/\/blogs.elcomercio.es\/reflexiones-de-belarmino\/wp-json\/wp\/v2\/media?parent=22841"}],"wp:term":[{"taxonomy":"category","embeddable":true,"href":"https:\/\/blogs.elcomercio.es\/reflexiones-de-belarmino\/wp-json\/wp\/v2\/categories?post=22841"},{"taxonomy":"post_tag","embeddable":true,"href":"https:\/\/blogs.elcomercio.es\/reflexiones-de-belarmino\/wp-json\/wp\/v2\/tags?post=22841"}],"curies":[{"name":"wp","href":"https:\/\/api.w.org\/{rel}","templated":true}]}}