{"id":22845,"date":"2022-06-14T19:21:16","date_gmt":"2022-06-14T17:21:16","guid":{"rendered":"https:\/\/blogs.elcomercio.es\/reflexiones-de-belarmino\/?p=22845"},"modified":"2022-06-14T19:21:16","modified_gmt":"2022-06-14T17:21:16","slug":"para-qoshe-anexo-4-despacho-de-belarmino-donde-se-firmo-la-soberania-en-asturias","status":"publish","type":"post","link":"https:\/\/blogs.elcomercio.es\/reflexiones-de-belarmino\/2022\/06\/14\/para-qoshe-anexo-4-despacho-de-belarmino-donde-se-firmo-la-soberania-en-asturias\/","title":{"rendered":"\u00a1\u00a1\u00a1\u00a1PARA QOSHE (ANEXO 4 ). DESPACHO DE BELARMINO DONDE SE FIRMO LA SOBERAN\u00cdA EN ASTURIAS !!"},"content":{"rendered":"<p><b>Gracias el Ej\u00e9rcito\u00a0Espa\u00f1ol el despacho de Belarmino Tom\u00e1s se ha conservado.En Presidencia lo tienen. Areces lo convirti\u00f3\u00a0en una sala para recibir al Presidente de Uruguay.Tambi\u00e9n oculto, nadie sabe de \u00e9l.<a href=\"https:\/\/static-blogs.elcomercio.es\/wp-content\/uploads\/sites\/15\/2016\/12\/14.jpeg\"><img loading=\"lazy\" class=\"alignnone size-large wp-image-2103\" src=\"https:\/\/static-blogs.elcomercio.es\/wp-content\/uploads\/sites\/15\/2016\/12\/14-1024x689.jpeg\" alt=\"\" width=\"1024\" height=\"689\" \/><\/a><\/b><\/p>\n<!-- AddThis Advanced Settings generic via filter on the_content --><!-- AddThis Share Buttons generic via filter on the_content -->","protected":false},"excerpt":{"rendered":"<p>Gracias el Ej\u00e9rcito\u00a0Espa\u00f1ol el despacho de Belarmino Tom\u00e1s se ha conservado.En Presidencia lo tienen. Areces lo convirti\u00f3\u00a0en una sala para recibir al Presidente de Uruguay.Tambi\u00e9n oculto, nadie sabe de \u00e9l.<!-- AddThis Advanced Settings generic via filter on get_the_excerpt --><!-- AddThis Share Buttons generic via filter on get_the_excerpt --><\/p>\n","protected":false},"author":16,"featured_media":0,"comment_status":"open","ping_status":"closed","sticky":false,"template":"","format":"standard","meta":[],"categories":[1],"tags":[],"_links":{"self":[{"href":"https:\/\/blogs.elcomercio.es\/reflexiones-de-belarmino\/wp-json\/wp\/v2\/posts\/22845"}],"collection":[{"href":"https:\/\/blogs.elcomercio.es\/reflexiones-de-belarmino\/wp-json\/wp\/v2\/posts"}],"about":[{"href":"https:\/\/blogs.elcomercio.es\/reflexiones-de-belarmino\/wp-json\/wp\/v2\/types\/post"}],"author":[{"embeddable":true,"href":"https:\/\/blogs.elcomercio.es\/reflexiones-de-belarmino\/wp-json\/wp\/v2\/users\/16"}],"replies":[{"embeddable":true,"href":"https:\/\/blogs.elcomercio.es\/reflexiones-de-belarmino\/wp-json\/wp\/v2\/comments?post=22845"}],"version-history":[{"count":1,"href":"https:\/\/blogs.elcomercio.es\/reflexiones-de-belarmino\/wp-json\/wp\/v2\/posts\/22845\/revisions"}],"predecessor-version":[{"id":22846,"href":"https:\/\/blogs.elcomercio.es\/reflexiones-de-belarmino\/wp-json\/wp\/v2\/posts\/22845\/revisions\/22846"}],"wp:attachment":[{"href":"https:\/\/blogs.elcomercio.es\/reflexiones-de-belarmino\/wp-json\/wp\/v2\/media?parent=22845"}],"wp:term":[{"taxonomy":"category","embeddable":true,"href":"https:\/\/blogs.elcomercio.es\/reflexiones-de-belarmino\/wp-json\/wp\/v2\/categories?post=22845"},{"taxonomy":"post_tag","embeddable":true,"href":"https:\/\/blogs.elcomercio.es\/reflexiones-de-belarmino\/wp-json\/wp\/v2\/tags?post=22845"}],"curies":[{"name":"wp","href":"https:\/\/api.w.org\/{rel}","templated":true}]}}