{"id":22873,"date":"2022-06-16T09:46:37","date_gmt":"2022-06-16T07:46:37","guid":{"rendered":"https:\/\/blogs.elcomercio.es\/reflexiones-de-belarmino\/?p=22873"},"modified":"2022-06-16T09:46:37","modified_gmt":"2022-06-16T07:46:37","slug":"carelia-carelia-carelia-el-futuro-y-fin-de-la-guerra","status":"publish","type":"post","link":"https:\/\/blogs.elcomercio.es\/reflexiones-de-belarmino\/2022\/06\/16\/carelia-carelia-carelia-el-futuro-y-fin-de-la-guerra\/","title":{"rendered":"\u00a1\u00a1\u00a1 CARELIA, CARELIA, CARELIA&#8230;&#8230;EL FUTURO Y FIN DE LA GUERRA !!"},"content":{"rendered":"<p><b>Estimadas y estimados lectores, hasta ayer &#8220;nos cay\u00f3 el veinte&#8221; como dir\u00edamos en M\u00e9xico.Cualquier observador, y lo hemos dicho, estaba claro el proceso por los\u00a0objetivos de Putin.Desde un principio se fue tras los 1,000 kms. del Este y el Sur de Ucrania, que consideraba estrat\u00e9gicos.D\u00eda\u00a0tras d\u00eda el mismo proceso. Nada en el Oeste del r\u00edo Dnieper .<\/b><\/p>\n<p><b>Pero ayer el Secretario General de la OTAN, pronunci\u00f3 la palabra que tanto ha cimbrado, porque\u00a0pudiera ser la salida a la guerra: CARELIA.<\/b><\/p>\n<p><b>La regi\u00f3n de Carelia, de Finlandia, fue la que tuvo que ceder este pa\u00eds en el marco de la segunda guerra mundial, para\u00a0poner punto y final a las tensiones con la URSS.<\/b><\/p>\n<p><b>Ser manejada ayer por el Secretario General de la OTAN, la salida para hacer\u00a0el alto al fuego se llamase Carelia. Zelenski fue muy\u00a0cr\u00edtico.<\/b><\/p>\n<p><strong>Las fronteras se dar\u00edan en el r\u00edo Dnieper, al Este rusa y al oeste ucraniana.<\/strong><\/p>\n<p>&nbsp;<\/p>\n<!-- AddThis Advanced Settings generic via filter on the_content --><!-- AddThis Share Buttons generic via filter on the_content -->","protected":false},"excerpt":{"rendered":"<p>Estimadas y estimados lectores, hasta ayer &#8220;nos cay\u00f3 el veinte&#8221; como dir\u00edamos en M\u00e9xico.Cualquier observador, y lo hemos dicho, estaba claro el proceso por los\u00a0objetivos de Putin.Desde un principio se fue tras los 1,000 kms. del Este y el Sur de Ucrania, que consideraba estrat\u00e9gicos.D\u00eda\u00a0tras d\u00eda el mismo proceso. Nada en el Oeste del r\u00edo [&hellip;]<!-- AddThis Advanced Settings generic via filter on get_the_excerpt --><!-- AddThis Share Buttons generic via filter on get_the_excerpt --><\/p>\n","protected":false},"author":16,"featured_media":0,"comment_status":"open","ping_status":"closed","sticky":false,"template":"","format":"standard","meta":[],"categories":[1],"tags":[],"_links":{"self":[{"href":"https:\/\/blogs.elcomercio.es\/reflexiones-de-belarmino\/wp-json\/wp\/v2\/posts\/22873"}],"collection":[{"href":"https:\/\/blogs.elcomercio.es\/reflexiones-de-belarmino\/wp-json\/wp\/v2\/posts"}],"about":[{"href":"https:\/\/blogs.elcomercio.es\/reflexiones-de-belarmino\/wp-json\/wp\/v2\/types\/post"}],"author":[{"embeddable":true,"href":"https:\/\/blogs.elcomercio.es\/reflexiones-de-belarmino\/wp-json\/wp\/v2\/users\/16"}],"replies":[{"embeddable":true,"href":"https:\/\/blogs.elcomercio.es\/reflexiones-de-belarmino\/wp-json\/wp\/v2\/comments?post=22873"}],"version-history":[{"count":1,"href":"https:\/\/blogs.elcomercio.es\/reflexiones-de-belarmino\/wp-json\/wp\/v2\/posts\/22873\/revisions"}],"predecessor-version":[{"id":22874,"href":"https:\/\/blogs.elcomercio.es\/reflexiones-de-belarmino\/wp-json\/wp\/v2\/posts\/22873\/revisions\/22874"}],"wp:attachment":[{"href":"https:\/\/blogs.elcomercio.es\/reflexiones-de-belarmino\/wp-json\/wp\/v2\/media?parent=22873"}],"wp:term":[{"taxonomy":"category","embeddable":true,"href":"https:\/\/blogs.elcomercio.es\/reflexiones-de-belarmino\/wp-json\/wp\/v2\/categories?post=22873"},{"taxonomy":"post_tag","embeddable":true,"href":"https:\/\/blogs.elcomercio.es\/reflexiones-de-belarmino\/wp-json\/wp\/v2\/tags?post=22873"}],"curies":[{"name":"wp","href":"https:\/\/api.w.org\/{rel}","templated":true}]}}