{"id":22875,"date":"2022-06-16T09:54:26","date_gmt":"2022-06-16T07:54:26","guid":{"rendered":"https:\/\/blogs.elcomercio.es\/reflexiones-de-belarmino\/?p=22875"},"modified":"2022-06-16T09:54:26","modified_gmt":"2022-06-16T07:54:26","slug":"homenaje-de-los-expresidentes-al-que-nunca-existio-al-morir-a-los-97-anos","status":"publish","type":"post","link":"https:\/\/blogs.elcomercio.es\/reflexiones-de-belarmino\/2022\/06\/16\/homenaje-de-los-expresidentes-al-que-nunca-existio-al-morir-a-los-97-anos\/","title":{"rendered":"\u00a1\u00a1\u00a1\u00a1HOMENAJE DE LOS EXPRESIDENTES, AL QUE &#8220;NUNCA EXISTI\u00d3&#8221;, AL MORIR A LOS 97 A\u00d1OS !!"},"content":{"rendered":"<p><strong>Mientras los socialistas asturianos mantengan en el olvido total a Belarmino, Rafael y Pura, hay otra generaci\u00f3n que los mantendr\u00e1 vivos en este blog.<\/strong><\/p>\n<p><b>Todos los que ignoraron, los que sepultaron a Belarmino de la historia, le hicieron este homenaje al morir en 2010 a los 97 a\u00f1os, con la amargura del trato de Felipe Gonz\u00e1lez y de los socialistas asturianos dirigido por Jos\u00e9 \u00c1ngel\u00a0Fern\u00e1ndez\u00a0Villa<a href=\"https:\/\/static-blogs.elcomercio.es\/wp-content\/uploads\/sites\/15\/2018\/09\/homenaje-socialista-a-Rafael.jpg\"><img loading=\"lazy\" class=\"alignnone size-large wp-image-5519\" src=\"https:\/\/static-blogs.elcomercio.es\/wp-content\/uploads\/sites\/15\/2018\/09\/homenaje-socialista-a-Rafael-1024x713.jpg\" alt=\"\" width=\"1024\" height=\"713\" srcset=\"https:\/\/static-blogs.elcomercio.es\/wp-content\/uploads\/sites\/15\/2018\/09\/homenaje-socialista-a-Rafael-1024x713.jpg 1024w, https:\/\/static-blogs.elcomercio.es\/wp-content\/uploads\/sites\/15\/2018\/09\/homenaje-socialista-a-Rafael-300x209.jpg 300w, https:\/\/static-blogs.elcomercio.es\/wp-content\/uploads\/sites\/15\/2018\/09\/homenaje-socialista-a-Rafael-768x535.jpg 768w\" sizes=\"(max-width: 1024px) 100vw, 1024px\" \/><\/a>. Rafael descansa despu\u00e9s de un vida de trabajo y honestidad y Villa no est\u00e1 en la c\u00e1rcel por que todos le deben favores<\/b><\/p>\n<!-- AddThis Advanced Settings generic via filter on the_content --><!-- AddThis Share Buttons generic via filter on the_content -->","protected":false},"excerpt":{"rendered":"<p>Mientras los socialistas asturianos mantengan en el olvido total a Belarmino, Rafael y Pura, hay otra generaci\u00f3n que los mantendr\u00e1 vivos en este blog. Todos los que ignoraron, los que sepultaron a Belarmino de la historia, le hicieron este homenaje al morir en 2010 a los 97 a\u00f1os, con la amargura del trato de Felipe [&hellip;]<!-- AddThis Advanced Settings generic via filter on get_the_excerpt --><!-- AddThis Share Buttons generic via filter on get_the_excerpt --><\/p>\n","protected":false},"author":16,"featured_media":0,"comment_status":"open","ping_status":"closed","sticky":false,"template":"","format":"standard","meta":[],"categories":[1],"tags":[],"_links":{"self":[{"href":"https:\/\/blogs.elcomercio.es\/reflexiones-de-belarmino\/wp-json\/wp\/v2\/posts\/22875"}],"collection":[{"href":"https:\/\/blogs.elcomercio.es\/reflexiones-de-belarmino\/wp-json\/wp\/v2\/posts"}],"about":[{"href":"https:\/\/blogs.elcomercio.es\/reflexiones-de-belarmino\/wp-json\/wp\/v2\/types\/post"}],"author":[{"embeddable":true,"href":"https:\/\/blogs.elcomercio.es\/reflexiones-de-belarmino\/wp-json\/wp\/v2\/users\/16"}],"replies":[{"embeddable":true,"href":"https:\/\/blogs.elcomercio.es\/reflexiones-de-belarmino\/wp-json\/wp\/v2\/comments?post=22875"}],"version-history":[{"count":1,"href":"https:\/\/blogs.elcomercio.es\/reflexiones-de-belarmino\/wp-json\/wp\/v2\/posts\/22875\/revisions"}],"predecessor-version":[{"id":22876,"href":"https:\/\/blogs.elcomercio.es\/reflexiones-de-belarmino\/wp-json\/wp\/v2\/posts\/22875\/revisions\/22876"}],"wp:attachment":[{"href":"https:\/\/blogs.elcomercio.es\/reflexiones-de-belarmino\/wp-json\/wp\/v2\/media?parent=22875"}],"wp:term":[{"taxonomy":"category","embeddable":true,"href":"https:\/\/blogs.elcomercio.es\/reflexiones-de-belarmino\/wp-json\/wp\/v2\/categories?post=22875"},{"taxonomy":"post_tag","embeddable":true,"href":"https:\/\/blogs.elcomercio.es\/reflexiones-de-belarmino\/wp-json\/wp\/v2\/tags?post=22875"}],"curies":[{"name":"wp","href":"https:\/\/api.w.org\/{rel}","templated":true}]}}