{"id":22879,"date":"2022-06-16T10:07:32","date_gmt":"2022-06-16T08:07:32","guid":{"rendered":"https:\/\/blogs.elcomercio.es\/reflexiones-de-belarmino\/?p=22879"},"modified":"2022-06-16T10:07:32","modified_gmt":"2022-06-16T08:07:32","slug":"belarmino-tomas-presidiendo-en-gijon-un-desfile-militar-en-1937","status":"publish","type":"post","link":"https:\/\/blogs.elcomercio.es\/reflexiones-de-belarmino\/2022\/06\/16\/belarmino-tomas-presidiendo-en-gijon-un-desfile-militar-en-1937\/","title":{"rendered":"\u00a1\u00a1\u00a1\u00a1\u00a1BELARMINO TOMAS PRESIDIENDO EN GIJ\u00d3N UN DESFILE MILITAR EN 1937 !!"},"content":{"rendered":"<p><b>Tras el Levantamiento del 18 de julio, se formaron en toda Asturias Comit\u00e9s de Defensa de la Rep\u00fablica\u00a0y la Constituci\u00f3n. Destacaron ele de Gij\u00f3n y el de Sama de Langreo. Finalmente decidieron que el presidente fuese\u00a0Belarmino Tom\u00e1s.En la ciudad donde a lo 8 a\u00f1os entr\u00f3 a trabajar de mano del padre en El Musel donde lo usaban para meterse entre las piedras del mar, y le dijo orgulloso en lavandera : \u00a1\u00a1Madre, ya tengo trabajo: Soy buzo&#8221;.<\/b><\/p>\n<p><strong>Elegido por el gobierno de la Rep\u00fablica presidente del Consejo de Asturias y Le\u00f3n, la imagen fue presidiendo un desfile militar en Gij\u00f3n, cerca del muelle.<a href=\"https:\/\/static-blogs.elcomercio.es\/wp-content\/uploads\/sites\/15\/2016\/11\/doc02161220160905193738_001.jpg\"><img loading=\"lazy\" class=\"alignnone size-large wp-image-1842\" src=\"https:\/\/static-blogs.elcomercio.es\/wp-content\/uploads\/sites\/15\/2016\/11\/doc02161220160905193738_001-1024x724.jpg\" alt=\"\" width=\"1024\" height=\"724\" srcset=\"https:\/\/static-blogs.elcomercio.es\/wp-content\/uploads\/sites\/15\/2016\/11\/doc02161220160905193738_001-1024x724.jpg 1024w, https:\/\/static-blogs.elcomercio.es\/wp-content\/uploads\/sites\/15\/2016\/11\/doc02161220160905193738_001-300x212.jpg 300w, https:\/\/static-blogs.elcomercio.es\/wp-content\/uploads\/sites\/15\/2016\/11\/doc02161220160905193738_001-768x543.jpg 768w\" sizes=\"(max-width: 1024px) 100vw, 1024px\" \/><\/a><\/strong><\/p>\n<!-- AddThis Advanced Settings generic via filter on the_content --><!-- AddThis Share Buttons generic via filter on the_content -->","protected":false},"excerpt":{"rendered":"<p>Tras el Levantamiento del 18 de julio, se formaron en toda Asturias Comit\u00e9s de Defensa de la Rep\u00fablica\u00a0y la Constituci\u00f3n. Destacaron ele de Gij\u00f3n y el de Sama de Langreo. Finalmente decidieron que el presidente fuese\u00a0Belarmino Tom\u00e1s.En la ciudad donde a lo 8 a\u00f1os entr\u00f3 a trabajar de mano del padre en El Musel donde [&hellip;]<!-- AddThis Advanced Settings generic via filter on get_the_excerpt --><!-- AddThis Share Buttons generic via filter on get_the_excerpt --><\/p>\n","protected":false},"author":16,"featured_media":0,"comment_status":"open","ping_status":"closed","sticky":false,"template":"","format":"standard","meta":[],"categories":[1],"tags":[],"_links":{"self":[{"href":"https:\/\/blogs.elcomercio.es\/reflexiones-de-belarmino\/wp-json\/wp\/v2\/posts\/22879"}],"collection":[{"href":"https:\/\/blogs.elcomercio.es\/reflexiones-de-belarmino\/wp-json\/wp\/v2\/posts"}],"about":[{"href":"https:\/\/blogs.elcomercio.es\/reflexiones-de-belarmino\/wp-json\/wp\/v2\/types\/post"}],"author":[{"embeddable":true,"href":"https:\/\/blogs.elcomercio.es\/reflexiones-de-belarmino\/wp-json\/wp\/v2\/users\/16"}],"replies":[{"embeddable":true,"href":"https:\/\/blogs.elcomercio.es\/reflexiones-de-belarmino\/wp-json\/wp\/v2\/comments?post=22879"}],"version-history":[{"count":1,"href":"https:\/\/blogs.elcomercio.es\/reflexiones-de-belarmino\/wp-json\/wp\/v2\/posts\/22879\/revisions"}],"predecessor-version":[{"id":22880,"href":"https:\/\/blogs.elcomercio.es\/reflexiones-de-belarmino\/wp-json\/wp\/v2\/posts\/22879\/revisions\/22880"}],"wp:attachment":[{"href":"https:\/\/blogs.elcomercio.es\/reflexiones-de-belarmino\/wp-json\/wp\/v2\/media?parent=22879"}],"wp:term":[{"taxonomy":"category","embeddable":true,"href":"https:\/\/blogs.elcomercio.es\/reflexiones-de-belarmino\/wp-json\/wp\/v2\/categories?post=22879"},{"taxonomy":"post_tag","embeddable":true,"href":"https:\/\/blogs.elcomercio.es\/reflexiones-de-belarmino\/wp-json\/wp\/v2\/tags?post=22879"}],"curies":[{"name":"wp","href":"https:\/\/api.w.org\/{rel}","templated":true}]}}