{"id":22916,"date":"2022-06-17T16:47:14","date_gmt":"2022-06-17T14:47:14","guid":{"rendered":"https:\/\/blogs.elcomercio.es\/reflexiones-de-belarmino\/?p=22916"},"modified":"2022-06-17T16:47:14","modified_gmt":"2022-06-17T14:47:14","slug":"la-guerra-se-pudo-haber-evitado-pero-fracaso-la-politica-y-la-diplomacia","status":"publish","type":"post","link":"https:\/\/blogs.elcomercio.es\/reflexiones-de-belarmino\/2022\/06\/17\/la-guerra-se-pudo-haber-evitado-pero-fracaso-la-politica-y-la-diplomacia\/","title":{"rendered":"\u00a1\u00a1\u00a1\u00a1LA GUERRA SE PUDO HABER EVITADO, PERO FRACAS\u00d3 LA POL\u00cdTICA Y LA DIPLOMACIA !!"},"content":{"rendered":"<p><b>Hoy ha reiterado L\u00f3pez Obrador, lo que ha mantenido en 100 d\u00edas. &#8220;LA GUERRA\u00a0 SE PUDO EVITAR, FRACASO LA POL\u00cdTICA\u00a0Y LA DIPLOMACIA.&#8221;<\/b><\/p>\n<p><b>Siempre ha planteado que la POL\u00cdTICA\u00a0SE CRE\u00d3\u00a0PARA EVITAR LAS GUERRAS.<\/b><\/p>\n<!-- AddThis Advanced Settings generic via filter on the_content --><!-- AddThis Share Buttons generic via filter on the_content -->","protected":false},"excerpt":{"rendered":"<p>Hoy ha reiterado L\u00f3pez Obrador, lo que ha mantenido en 100 d\u00edas. &#8220;LA GUERRA\u00a0 SE PUDO EVITAR, FRACASO LA POL\u00cdTICA\u00a0Y LA DIPLOMACIA.&#8221; Siempre ha planteado que la POL\u00cdTICA\u00a0SE CRE\u00d3\u00a0PARA EVITAR LAS GUERRAS.<!-- AddThis Advanced Settings generic via filter on get_the_excerpt --><!-- AddThis Share Buttons generic via filter on get_the_excerpt --><\/p>\n","protected":false},"author":16,"featured_media":0,"comment_status":"open","ping_status":"closed","sticky":false,"template":"","format":"standard","meta":[],"categories":[1],"tags":[],"_links":{"self":[{"href":"https:\/\/blogs.elcomercio.es\/reflexiones-de-belarmino\/wp-json\/wp\/v2\/posts\/22916"}],"collection":[{"href":"https:\/\/blogs.elcomercio.es\/reflexiones-de-belarmino\/wp-json\/wp\/v2\/posts"}],"about":[{"href":"https:\/\/blogs.elcomercio.es\/reflexiones-de-belarmino\/wp-json\/wp\/v2\/types\/post"}],"author":[{"embeddable":true,"href":"https:\/\/blogs.elcomercio.es\/reflexiones-de-belarmino\/wp-json\/wp\/v2\/users\/16"}],"replies":[{"embeddable":true,"href":"https:\/\/blogs.elcomercio.es\/reflexiones-de-belarmino\/wp-json\/wp\/v2\/comments?post=22916"}],"version-history":[{"count":1,"href":"https:\/\/blogs.elcomercio.es\/reflexiones-de-belarmino\/wp-json\/wp\/v2\/posts\/22916\/revisions"}],"predecessor-version":[{"id":22917,"href":"https:\/\/blogs.elcomercio.es\/reflexiones-de-belarmino\/wp-json\/wp\/v2\/posts\/22916\/revisions\/22917"}],"wp:attachment":[{"href":"https:\/\/blogs.elcomercio.es\/reflexiones-de-belarmino\/wp-json\/wp\/v2\/media?parent=22916"}],"wp:term":[{"taxonomy":"category","embeddable":true,"href":"https:\/\/blogs.elcomercio.es\/reflexiones-de-belarmino\/wp-json\/wp\/v2\/categories?post=22916"},{"taxonomy":"post_tag","embeddable":true,"href":"https:\/\/blogs.elcomercio.es\/reflexiones-de-belarmino\/wp-json\/wp\/v2\/tags?post=22916"}],"curies":[{"name":"wp","href":"https:\/\/api.w.org\/{rel}","templated":true}]}}