{"id":22935,"date":"2022-06-17T19:39:57","date_gmt":"2022-06-17T17:39:57","guid":{"rendered":"https:\/\/blogs.elcomercio.es\/reflexiones-de-belarmino\/?p=22935"},"modified":"2022-06-17T19:39:57","modified_gmt":"2022-06-17T17:39:57","slug":"mientras-mexico-negocia-con-17-empresas-de-ee-uu-sobre-zama-iberdrola-se-ampara-ante-la-multa-de-9500-millones-de-pesos","status":"publish","type":"post","link":"https:\/\/blogs.elcomercio.es\/reflexiones-de-belarmino\/2022\/06\/17\/mientras-mexico-negocia-con-17-empresas-de-ee-uu-sobre-zama-iberdrola-se-ampara-ante-la-multa-de-9500-millones-de-pesos\/","title":{"rendered":"\u00a1\u00a1\u00a1MIENTRAS MEXICO NEGOCIA CON 17 EMPRESAS DE EE.UU SOBRE ZAMA, IBERDROLA SE AMPARA ANTE LA MULTA DE 9,500 MILLONES DE PESOS !!"},"content":{"rendered":"<p><b>Ma\u00f1ana en Bilbao, se re\u00fanen\u00a0los accionistas de Iberdrola .Ayer Ignacio Gal\u00e1n ,presidente de la misma, puso un amparo en contra de la multa por 9,500 millones de pesos que le impuso la Comisi\u00f3n Reguladora de Energ\u00eda, por venta\u00a0ilegal de electricidad en M\u00e9xico.<\/b><\/p>\n<p><b>En el diario La Jornada donde aparece en primera plana la noticia, tambi\u00e9n en portada\u00a0\u00a0aparecen\u00a0las declaraciones del embajador de Estados UNidos Ken Salazar, donde dice que ya\u00a0lleg\u00f3 el gobierno de M\u00e9xico a acuerdos con 17 empresas norteamericanas en un conflicto de 30,000 millones de d\u00f3lares, que se di\u00f3 en la disputa entre el actual gobierno y aquellas 17 empresas energ\u00e9ticas, para saber de qui\u00e9n\u00a0eran los 985 millones de barriles del megaproyecto Zama, encontrado en aguas del Golfo de M\u00e9xico que estaban en disputa.<\/b><\/p>\n<p><b>Todas las empresas han tenido, ante la presencia del embajador, conversaciones\u00a0en Palacio Nacional y se ha llegado a un acuerdo.<\/b><\/p>\n<p><strong>Los norteamericanos buscaron el di\u00e1logo que les ofreci\u00f3 L\u00f3pez Obrador. En cambio IBerdrola se le fue a la yugular al actual presidente ,incluso para impedir que llegase.<\/strong><\/p>\n<p><b>Con las electricas espa\u00f1olas con el actual gobierno no hay negociaci\u00f3n\u00a0alguna.<\/b><\/p>\n<p><b>Los empresarios norteamericanos encontraron un punto para conversar y discutir y llegaron\u00a0a acuerdos\u00a0sobre 30,000 millones de d\u00f3lares<\/b><\/p>\n<!-- AddThis Advanced Settings generic via filter on the_content --><!-- AddThis Share Buttons generic via filter on the_content -->","protected":false},"excerpt":{"rendered":"<p>Ma\u00f1ana en Bilbao, se re\u00fanen\u00a0los accionistas de Iberdrola .Ayer Ignacio Gal\u00e1n ,presidente de la misma, puso un amparo en contra de la multa por 9,500 millones de pesos que le impuso la Comisi\u00f3n Reguladora de Energ\u00eda, por venta\u00a0ilegal de electricidad en M\u00e9xico. En el diario La Jornada donde aparece en primera plana la noticia, tambi\u00e9n [&hellip;]<!-- AddThis Advanced Settings generic via filter on get_the_excerpt --><!-- AddThis Share Buttons generic via filter on get_the_excerpt --><\/p>\n","protected":false},"author":16,"featured_media":0,"comment_status":"open","ping_status":"closed","sticky":false,"template":"","format":"standard","meta":[],"categories":[1],"tags":[],"_links":{"self":[{"href":"https:\/\/blogs.elcomercio.es\/reflexiones-de-belarmino\/wp-json\/wp\/v2\/posts\/22935"}],"collection":[{"href":"https:\/\/blogs.elcomercio.es\/reflexiones-de-belarmino\/wp-json\/wp\/v2\/posts"}],"about":[{"href":"https:\/\/blogs.elcomercio.es\/reflexiones-de-belarmino\/wp-json\/wp\/v2\/types\/post"}],"author":[{"embeddable":true,"href":"https:\/\/blogs.elcomercio.es\/reflexiones-de-belarmino\/wp-json\/wp\/v2\/users\/16"}],"replies":[{"embeddable":true,"href":"https:\/\/blogs.elcomercio.es\/reflexiones-de-belarmino\/wp-json\/wp\/v2\/comments?post=22935"}],"version-history":[{"count":1,"href":"https:\/\/blogs.elcomercio.es\/reflexiones-de-belarmino\/wp-json\/wp\/v2\/posts\/22935\/revisions"}],"predecessor-version":[{"id":22936,"href":"https:\/\/blogs.elcomercio.es\/reflexiones-de-belarmino\/wp-json\/wp\/v2\/posts\/22935\/revisions\/22936"}],"wp:attachment":[{"href":"https:\/\/blogs.elcomercio.es\/reflexiones-de-belarmino\/wp-json\/wp\/v2\/media?parent=22935"}],"wp:term":[{"taxonomy":"category","embeddable":true,"href":"https:\/\/blogs.elcomercio.es\/reflexiones-de-belarmino\/wp-json\/wp\/v2\/categories?post=22935"},{"taxonomy":"post_tag","embeddable":true,"href":"https:\/\/blogs.elcomercio.es\/reflexiones-de-belarmino\/wp-json\/wp\/v2\/tags?post=22935"}],"curies":[{"name":"wp","href":"https:\/\/api.w.org\/{rel}","templated":true}]}}