{"id":22940,"date":"2022-06-18T11:52:14","date_gmt":"2022-06-18T09:52:14","guid":{"rendered":"https:\/\/blogs.elcomercio.es\/reflexiones-de-belarmino\/?p=22940"},"modified":"2022-06-18T11:52:14","modified_gmt":"2022-06-18T09:52:14","slug":"el-sporting-de-gijon-puede-llegar-a-primera-antes-que-el-oviedo","status":"publish","type":"post","link":"https:\/\/blogs.elcomercio.es\/reflexiones-de-belarmino\/2022\/06\/18\/el-sporting-de-gijon-puede-llegar-a-primera-antes-que-el-oviedo\/","title":{"rendered":"\u00a1\u00a1\u00a1\u00a1\u00a1 EL SPORTING DE GIJ\u00d3N PUEDE LLEGAR A PRIMERA ANTES QUE EL OVIEDO !!!"},"content":{"rendered":"<p><b>Si hay alguien con ambici\u00f3n, y capacidad al grado de que el Tata Martino entrenador de la selecci\u00f3n\u00a0mexicana no convoca <\/b><b>\u00a0a jugadores de su club, el Atlas campe\u00f3n de M\u00e9xico, ese se\u00f1or se llama\u00a0 Alejandro Irarragorri.<\/b><\/p>\n<p><strong>Due\u00f1o del Santos Laguna y del Tampico Madero, este hombre due\u00f1o del grupo\u00a0<\/strong><b>Orlegi, ha logrado con un hombre asturiano de Llanes, llamado Jos\u00e9 Riestra, llevar a un hist\u00f3rico del f\u00fatbol\u00a0mexicano el Atlas surgido en 1916, y de donde sali\u00f3 Rafa M\u00e1rquez, tras 70 a\u00f1os de no ganar un t\u00edtulo a hacerlo en 3 temporadas.<\/b><\/p>\n<p><b>Pero, este hombre sabedor del negocio del f\u00fatbol\u00a0en la compra y venta\u00a0de jugadores, no s\u00f3lo acaba de comprar a\u00a0las &#8220;Chivas&#8221; de Guadalajara sino que se llev\u00f3 a todos sus patrocinadores, sino que aspirante a dirigir\u00a0la\u00a0 Federaci\u00f3n Mexicana de F\u00fatbol\u00a0tras el mundial de Qatar, le hab\u00eda\u00a0echado el ojo a Europa, lo m\u00ednimo\u00a0para un dirigente que se precie.<\/b><\/p>\n<p><b>Lo intent\u00f3 antes con el Zaragoza, hasta que el hombre al que le confi\u00f3 el Atlas\u00a0y lo hizo campe\u00f3n, es un hombre joven de todas sus confianzas, natural de Llanes,llamado Jos\u00e9 Riestra, le habl\u00f3 de la importancia de un hist\u00f3rico:El Sporting de Gij\u00f3n, hist\u00f3rico\u00a0e incapaz de avanzar\u00a0con una directiva muy asturiana, muy de Gij\u00f3n, pero que hab\u00eda\u00a0tocado techo:\u00a0 la familia Fern\u00e1ndez..<\/b><\/p>\n<p><b>Y ah\u00ed se inici\u00f3 todo. El Sporting ser\u00e1, de Alejandro Irarragorri\u00a0(51 a\u00f1os ).<\/b><\/p>\n<p><strong>Este hombre muy controvertido, sin duda tiene una empuje y una ambici\u00f3n mayor que la de\u00a0<\/strong><b>El\u00edas ya acomodado en la fortuna de Carlos Slim, yerno de \u00e9l.<\/b><\/p>\n<p><strong>Este nuevo due\u00f1o del Sporting, no tiene que rendirle cuentas a nadie y va a ser muy agresivo, por ello, aunque hace mucho que no voy al\u00a0<\/strong><b>f\u00fatbol, siempre admir\u00e9 al Atlas, los &#8220;rojinegros&#8221;, la&#8221;academia&#8221; por su estilo\u00a0de jugar. Por el pasaron Bielsa y La Volpe\u00a0y no pudieron.<\/b><\/p>\n<p><strong>Creo que el Sporting llegar\u00e1 a primera antes que el Oviedo.<\/strong><\/p>\n<p>&nbsp;<\/p>\n<!-- AddThis Advanced Settings generic via filter on the_content --><!-- AddThis Share Buttons generic via filter on the_content -->","protected":false},"excerpt":{"rendered":"<p>Si hay alguien con ambici\u00f3n, y capacidad al grado de que el Tata Martino entrenador de la selecci\u00f3n\u00a0mexicana no convoca \u00a0a jugadores de su club, el Atlas campe\u00f3n de M\u00e9xico, ese se\u00f1or se llama\u00a0 Alejandro Irarragorri. Due\u00f1o del Santos Laguna y del Tampico Madero, este hombre due\u00f1o del grupo\u00a0Orlegi, ha logrado con un hombre asturiano [&hellip;]<!-- AddThis Advanced Settings generic via filter on get_the_excerpt --><!-- AddThis Share Buttons generic via filter on get_the_excerpt --><\/p>\n","protected":false},"author":16,"featured_media":0,"comment_status":"open","ping_status":"closed","sticky":false,"template":"","format":"standard","meta":[],"categories":[1],"tags":[],"_links":{"self":[{"href":"https:\/\/blogs.elcomercio.es\/reflexiones-de-belarmino\/wp-json\/wp\/v2\/posts\/22940"}],"collection":[{"href":"https:\/\/blogs.elcomercio.es\/reflexiones-de-belarmino\/wp-json\/wp\/v2\/posts"}],"about":[{"href":"https:\/\/blogs.elcomercio.es\/reflexiones-de-belarmino\/wp-json\/wp\/v2\/types\/post"}],"author":[{"embeddable":true,"href":"https:\/\/blogs.elcomercio.es\/reflexiones-de-belarmino\/wp-json\/wp\/v2\/users\/16"}],"replies":[{"embeddable":true,"href":"https:\/\/blogs.elcomercio.es\/reflexiones-de-belarmino\/wp-json\/wp\/v2\/comments?post=22940"}],"version-history":[{"count":2,"href":"https:\/\/blogs.elcomercio.es\/reflexiones-de-belarmino\/wp-json\/wp\/v2\/posts\/22940\/revisions"}],"predecessor-version":[{"id":22942,"href":"https:\/\/blogs.elcomercio.es\/reflexiones-de-belarmino\/wp-json\/wp\/v2\/posts\/22940\/revisions\/22942"}],"wp:attachment":[{"href":"https:\/\/blogs.elcomercio.es\/reflexiones-de-belarmino\/wp-json\/wp\/v2\/media?parent=22940"}],"wp:term":[{"taxonomy":"category","embeddable":true,"href":"https:\/\/blogs.elcomercio.es\/reflexiones-de-belarmino\/wp-json\/wp\/v2\/categories?post=22940"},{"taxonomy":"post_tag","embeddable":true,"href":"https:\/\/blogs.elcomercio.es\/reflexiones-de-belarmino\/wp-json\/wp\/v2\/tags?post=22940"}],"curies":[{"name":"wp","href":"https:\/\/api.w.org\/{rel}","templated":true}]}}