{"id":22943,"date":"2022-06-18T12:12:13","date_gmt":"2022-06-18T10:12:13","guid":{"rendered":"https:\/\/blogs.elcomercio.es\/reflexiones-de-belarmino\/?p=22943"},"modified":"2022-06-18T12:12:13","modified_gmt":"2022-06-18T10:12:13","slug":"4000-millones-de-euros-ganancia-de-iberdrola-pagados-por-ciudadanos-mientras-los-gobiernos-espanoles-siguen-sin-atreverse-a-tocarlos","status":"publish","type":"post","link":"https:\/\/blogs.elcomercio.es\/reflexiones-de-belarmino\/2022\/06\/18\/4000-millones-de-euros-ganancia-de-iberdrola-pagados-por-ciudadanos-mientras-los-gobiernos-espanoles-siguen-sin-atreverse-a-tocarlos\/","title":{"rendered":"\u00a1\u00a1\u00a1\u00a1\u00a14,000 MILLONES DE EUROS GANANCIA DE IBERDROLA, PAGADOS POR CIUDADANOS, MIENTRAS LOS GOBIERNOS ESPA\u00d1OLES SIGUEN SIN ATREVERSE A TOCARLOS !!"},"content":{"rendered":"<p><b>Bien saben nuestros lectores que no tengo ninguna simpat\u00eda por el se\u00f1or\u00a0Ignacio Gal\u00e1n presidente de Iberdrola, continuador de la familia Oriol, tan ligada con Marcial Maciel.Se lo ha ganado a pulso. La forma como entr\u00f3 a saco a M\u00e9xico, corrompi\u00f3, como aqui ,hasta presidentes y ministros hacen que sea uno m\u00e1s de los millones de mexicanos que conocimos la historia del paso de Iberdrola por M\u00e9xico.<\/b><\/p>\n<p><b>Pero se podr\u00eda\u00a0decir que M\u00e9xico es un pa\u00eds tres veces m\u00e1s pobre que Espa\u00f1a y con niveles de corrupci\u00f3n similares. Lo que es inexplicable es el temor de los gobiernos de Gonz\u00e1lez, Aznar,Zapatero, Rajoy S\u00e1nchez\u00a0a Iberdrola y a las el\u00e9ctricas: En Espa\u00f1a son intocables. &#8220;La riqueza que les cay\u00f3 del cielo&#8221; de que se habla, es intocable mientras millones de Espa\u00f1olas, pagan el precio de la electricidad que fijan los amos.<\/b><\/p>\n<p><b>Dec\u00edamos\u00a0ayer que hab\u00eda puesto un amparo de M\u00e9xico, contra la multa de 9,500 millones de pesos, 250 millones de euros por la venta ilegal de electricidad\u00a0un d\u00eda antes de la reuni\u00f3n de ayer en Bilbao.<\/b><\/p>\n<p><strong>Al informar a los accionistas que hab\u00eda roto hist\u00f3rico en sus beneficios 4,000 millones de d\u00f3lares, obtuvo el 98 % de aprobaci\u00f3n.<\/strong><\/p>\n<p><strong>En M\u00e9xico entendimos que pas\u00f3, pero es que en Espa\u00f1a estamos viviendo cada d\u00eda como nos saquean y el gobierno, salvo Yolanda D\u00edaz, no se atreven a tocarles un pelo.<\/strong><\/p>\n<p><b>Ua mas de las&#8221;ra\u00edces\u00a0sembradas por las ca\u00f1er\u00edas\u00a0del franquismo&#8221; en la transici\u00f3n\u00a0espa\u00f1ola.<\/b><\/p>\n<p><strong>&#8220;Los mismos amos, con distintos collares.&#8221; se dice en Espa\u00f1a.<\/strong><\/p>\n<p>&nbsp;<\/p>\n<p>&nbsp;<\/p>\n<p>&nbsp;<\/p>\n<!-- AddThis Advanced Settings generic via filter on the_content --><!-- AddThis Share Buttons generic via filter on the_content -->","protected":false},"excerpt":{"rendered":"<p>Bien saben nuestros lectores que no tengo ninguna simpat\u00eda por el se\u00f1or\u00a0Ignacio Gal\u00e1n presidente de Iberdrola, continuador de la familia Oriol, tan ligada con Marcial Maciel.Se lo ha ganado a pulso. La forma como entr\u00f3 a saco a M\u00e9xico, corrompi\u00f3, como aqui ,hasta presidentes y ministros hacen que sea uno m\u00e1s de los millones de [&hellip;]<!-- AddThis Advanced Settings generic via filter on get_the_excerpt --><!-- AddThis Share Buttons generic via filter on get_the_excerpt --><\/p>\n","protected":false},"author":16,"featured_media":0,"comment_status":"open","ping_status":"closed","sticky":false,"template":"","format":"standard","meta":[],"categories":[1],"tags":[],"_links":{"self":[{"href":"https:\/\/blogs.elcomercio.es\/reflexiones-de-belarmino\/wp-json\/wp\/v2\/posts\/22943"}],"collection":[{"href":"https:\/\/blogs.elcomercio.es\/reflexiones-de-belarmino\/wp-json\/wp\/v2\/posts"}],"about":[{"href":"https:\/\/blogs.elcomercio.es\/reflexiones-de-belarmino\/wp-json\/wp\/v2\/types\/post"}],"author":[{"embeddable":true,"href":"https:\/\/blogs.elcomercio.es\/reflexiones-de-belarmino\/wp-json\/wp\/v2\/users\/16"}],"replies":[{"embeddable":true,"href":"https:\/\/blogs.elcomercio.es\/reflexiones-de-belarmino\/wp-json\/wp\/v2\/comments?post=22943"}],"version-history":[{"count":2,"href":"https:\/\/blogs.elcomercio.es\/reflexiones-de-belarmino\/wp-json\/wp\/v2\/posts\/22943\/revisions"}],"predecessor-version":[{"id":22945,"href":"https:\/\/blogs.elcomercio.es\/reflexiones-de-belarmino\/wp-json\/wp\/v2\/posts\/22943\/revisions\/22945"}],"wp:attachment":[{"href":"https:\/\/blogs.elcomercio.es\/reflexiones-de-belarmino\/wp-json\/wp\/v2\/media?parent=22943"}],"wp:term":[{"taxonomy":"category","embeddable":true,"href":"https:\/\/blogs.elcomercio.es\/reflexiones-de-belarmino\/wp-json\/wp\/v2\/categories?post=22943"},{"taxonomy":"post_tag","embeddable":true,"href":"https:\/\/blogs.elcomercio.es\/reflexiones-de-belarmino\/wp-json\/wp\/v2\/tags?post=22943"}],"curies":[{"name":"wp","href":"https:\/\/api.w.org\/{rel}","templated":true}]}}