{"id":22946,"date":"2022-06-18T13:26:49","date_gmt":"2022-06-18T11:26:49","guid":{"rendered":"https:\/\/blogs.elcomercio.es\/reflexiones-de-belarmino\/?p=22946"},"modified":"2022-06-18T13:26:49","modified_gmt":"2022-06-18T11:26:49","slug":"nunca-existieron-10-dias-del-5-al-14-de-octubre-1982-cervantes-shakespeare-y-lenin","status":"publish","type":"post","link":"https:\/\/blogs.elcomercio.es\/reflexiones-de-belarmino\/2022\/06\/18\/nunca-existieron-10-dias-del-5-al-14-de-octubre-1982-cervantes-shakespeare-y-lenin\/","title":{"rendered":"\u00a1\u00a1\u00a1 NUNCA EXISTIERON 10 D\u00cdAS, DEL 5 AL 14 DE OCTUBRE 1982. CERVANTES, SHAKESPEARE Y LENIN !!!"},"content":{"rendered":"<p><b>Cosas de la historia. Un d\u00eda un Papa muy importante llamado Gregorio XIII, fue alertado. Algo pasaba. No cab\u00eda en \u00e9l que las fiesta\u00a0 las fiestas religiosas ya no coincid\u00edan que las que hab\u00eda surgido del Concilio de Nicea 1,200 a\u00f1os antes. Ya la Pascua, basada en el Pascua Jud\u00eda que era la fiesta de\u00a0 conmemoraci\u00f3n anual de los hebreos de haber salido de la\u00a0esclavitud, no coincid\u00eda\u00a0con el\u00a0\u00faltimo domingo de la \u00faltima luna llena de marzo, sino que era en lugar del 21 surg\u00eda 10 d\u00edas antes el 11.<\/b><\/p>\n<p><b>Gregorio, nada que ver con Gregorio el Magn\u00edfico, mand\u00f3 llamar\u00a0 a un matem\u00e1tico italiano llamado Antonio Liso, para que le averiguase\u00a0aquello que \u00e9l\u00a0no entend\u00eda y que le hac\u00edan un desfase\u00a0en todas las fiestas religiosas.<\/b><\/p>\n<p><b>Ese hombre estudi\u00f3\u00a0la historia, y observ\u00f3 que el calendarios de los egipcios de 365.2 d\u00edas al a\u00f1o, y que luego Julio C\u00e9sar\u00a0encarg\u00f3 a un astr\u00f3nomo\u00a0griego, el fijar un calendario que desde entonces existi\u00f3 y de donde surgieron las fechas de la cristiandad. A ese calendario lo llamaron el Calendario Juliano y existi\u00f3 desde el a\u00f1o 46 a.c.<\/b><\/p>\n<p><b>El fundamental\u00a0Concilio de Nicea, en los 300, que establece todo lo que hoy sabemos de la historia del Cristianismo\u00a0y desech\u00f3 lo que\u00a0no conven\u00eda, mantuvo ese calendario hasta que una vez informado que el a\u00f1o no era de 365.2, sino 365,2411, y que se arrastraba por siglos ese desfase hasta que\u00a0no\u00a0considera\u00a0la naturaleza y sus ciclos con las fiestas cristianas ligadas a ellas, di\u00f3 la orden tajante. &#8221; Quiten de los calendarios del 5 al 14 de octubre&#8221;. Es decir hombres y mujeres se\u00a0acostaron un d\u00eda 4 de octubre y amanecieron el 15 de octubre, por orden del Papa..Desde entonces vivimos en el a\u00f1o gregoriano<\/b><\/p>\n<p><b>Claro que eso no lo sab\u00edan Shakespeare\u00a0y Cervantes que mueren el mismo d\u00eda en 1616, pero Espa\u00f1a adopt\u00f3 de inmediato el Gregoriano mientras que\u00a0 el Reino Unido sigui\u00f3\u00a0con el Juliano.. Aunque hay 10 d\u00edas de diferencia , se considera el 23 de abril la fecha actual, anulado el Juliano, y se celebra el d\u00eda del Libro en todo el mundo en honor de los dos grandes escritores.<\/b><\/p>\n<p><b>Pero el que s\u00ed\u00a0sab\u00eda era Len\u00edn y cambi\u00f3\u00a0las fechas de los Zares, por ello la Revoluci\u00f3n\u00a0de Octubre se celebra el 7 de noviembre.<\/b><\/p>\n<p>&nbsp;<\/p>\n<p>&nbsp;<\/p>\n<p>&nbsp;<\/p>\n<!-- AddThis Advanced Settings generic via filter on the_content --><!-- AddThis Share Buttons generic via filter on the_content -->","protected":false},"excerpt":{"rendered":"<p>Cosas de la historia. Un d\u00eda un Papa muy importante llamado Gregorio XIII, fue alertado. Algo pasaba. No cab\u00eda en \u00e9l que las fiesta\u00a0 las fiestas religiosas ya no coincid\u00edan que las que hab\u00eda surgido del Concilio de Nicea 1,200 a\u00f1os antes. Ya la Pascua, basada en el Pascua Jud\u00eda que era la fiesta de\u00a0 [&hellip;]<!-- AddThis Advanced Settings generic via filter on get_the_excerpt --><!-- AddThis Share Buttons generic via filter on get_the_excerpt --><\/p>\n","protected":false},"author":16,"featured_media":0,"comment_status":"open","ping_status":"closed","sticky":false,"template":"","format":"standard","meta":[],"categories":[1],"tags":[],"_links":{"self":[{"href":"https:\/\/blogs.elcomercio.es\/reflexiones-de-belarmino\/wp-json\/wp\/v2\/posts\/22946"}],"collection":[{"href":"https:\/\/blogs.elcomercio.es\/reflexiones-de-belarmino\/wp-json\/wp\/v2\/posts"}],"about":[{"href":"https:\/\/blogs.elcomercio.es\/reflexiones-de-belarmino\/wp-json\/wp\/v2\/types\/post"}],"author":[{"embeddable":true,"href":"https:\/\/blogs.elcomercio.es\/reflexiones-de-belarmino\/wp-json\/wp\/v2\/users\/16"}],"replies":[{"embeddable":true,"href":"https:\/\/blogs.elcomercio.es\/reflexiones-de-belarmino\/wp-json\/wp\/v2\/comments?post=22946"}],"version-history":[{"count":2,"href":"https:\/\/blogs.elcomercio.es\/reflexiones-de-belarmino\/wp-json\/wp\/v2\/posts\/22946\/revisions"}],"predecessor-version":[{"id":22948,"href":"https:\/\/blogs.elcomercio.es\/reflexiones-de-belarmino\/wp-json\/wp\/v2\/posts\/22946\/revisions\/22948"}],"wp:attachment":[{"href":"https:\/\/blogs.elcomercio.es\/reflexiones-de-belarmino\/wp-json\/wp\/v2\/media?parent=22946"}],"wp:term":[{"taxonomy":"category","embeddable":true,"href":"https:\/\/blogs.elcomercio.es\/reflexiones-de-belarmino\/wp-json\/wp\/v2\/categories?post=22946"},{"taxonomy":"post_tag","embeddable":true,"href":"https:\/\/blogs.elcomercio.es\/reflexiones-de-belarmino\/wp-json\/wp\/v2\/tags?post=22946"}],"curies":[{"name":"wp","href":"https:\/\/api.w.org\/{rel}","templated":true}]}}