{"id":22949,"date":"2022-06-18T13:54:33","date_gmt":"2022-06-18T11:54:33","guid":{"rendered":"https:\/\/blogs.elcomercio.es\/reflexiones-de-belarmino\/?p=22949"},"modified":"2022-06-18T13:54:33","modified_gmt":"2022-06-18T11:54:33","slug":"mexico-se-compromete-a-que-en-2024-el-35-de-la-energia-sera-limpia-y-rentable","status":"publish","type":"post","link":"https:\/\/blogs.elcomercio.es\/reflexiones-de-belarmino\/2022\/06\/18\/mexico-se-compromete-a-que-en-2024-el-35-de-la-energia-sera-limpia-y-rentable\/","title":{"rendered":"\u00a1\u00a1\u00a1\u00a1MEXICO SE COMPROMETE A QUE EN 2024 EL 35% DE LA ENERG\u00cdA SER\u00c1 LIMPIA Y RENTABLE !!!"},"content":{"rendered":"<p><b>Ayer se celebr\u00f3\u00a0un Foro de las principales econom\u00edas sobre energ\u00eda y acci\u00f3n clim\u00e1tica, v\u00eda videoconferencia con la participaci\u00f3n del presidente Biden.En su turno, el presidente mexicano inform\u00f3 que para 2024 M\u00e9xico tendr\u00e1 el 35 de energ\u00edas limpias y sostenibles. Pemex va a incluir\u00a02,000 millones de d\u00f3lares para que el 98 % del\u00a0combust\u00f3leo, sea transformado\u00a0en emisiones no contaminantes.<\/b><\/p>\n<p><b>Inform\u00f3 que\u00a0 est\u00e1n desarrollando el mayor programa de reforestaci\u00f3n del mundo donde en hay ya\u00a0 millones\u00a0de \u00e1rboles\u00a0<\/b><b>nuevos, que est\u00e1n dando trabajo en el programa Sembrando Vida a 900,000\u00a0j\u00f3venes que reciben 200 d\u00f3lares para impulsar en sus ranchos en sus casas del campo.<\/b><\/p>\n<p><b>As\u00ed mismo inform\u00f3 que adem\u00e1s de la refiner\u00eda\u00a0de Deer Park, de la Shell en el Golfo , la Olmeca en Tabasco y modernizando\u00a06 refiner\u00edas, los va llevar a la reducci\u00f3n de las emisiones de gas, al transformar el combustible\u00a0contaminante por la gasolina.<\/b><\/p>\n<p><b>Felicitado por el presidente BIden, L\u00f3pez Obrador manifest\u00f3\u00a0su felicitaci\u00f3n a John Kerry Secretario de Medio Ambiente de los Estados Unidos, llam\u00e1ndolo\u00a0&#8220;un gran ambientalista&#8221;<\/b><\/p>\n<p>&nbsp;<\/p>\n<p>&nbsp;<\/p>\n<!-- AddThis Advanced Settings generic via filter on the_content --><!-- AddThis Share Buttons generic via filter on the_content -->","protected":false},"excerpt":{"rendered":"<p>Ayer se celebr\u00f3\u00a0un Foro de las principales econom\u00edas sobre energ\u00eda y acci\u00f3n clim\u00e1tica, v\u00eda videoconferencia con la participaci\u00f3n del presidente Biden.En su turno, el presidente mexicano inform\u00f3 que para 2024 M\u00e9xico tendr\u00e1 el 35 de energ\u00edas limpias y sostenibles. Pemex va a incluir\u00a02,000 millones de d\u00f3lares para que el 98 % del\u00a0combust\u00f3leo, sea transformado\u00a0en emisiones [&hellip;]<!-- AddThis Advanced Settings generic via filter on get_the_excerpt --><!-- AddThis Share Buttons generic via filter on get_the_excerpt --><\/p>\n","protected":false},"author":16,"featured_media":0,"comment_status":"open","ping_status":"closed","sticky":false,"template":"","format":"standard","meta":[],"categories":[1],"tags":[],"_links":{"self":[{"href":"https:\/\/blogs.elcomercio.es\/reflexiones-de-belarmino\/wp-json\/wp\/v2\/posts\/22949"}],"collection":[{"href":"https:\/\/blogs.elcomercio.es\/reflexiones-de-belarmino\/wp-json\/wp\/v2\/posts"}],"about":[{"href":"https:\/\/blogs.elcomercio.es\/reflexiones-de-belarmino\/wp-json\/wp\/v2\/types\/post"}],"author":[{"embeddable":true,"href":"https:\/\/blogs.elcomercio.es\/reflexiones-de-belarmino\/wp-json\/wp\/v2\/users\/16"}],"replies":[{"embeddable":true,"href":"https:\/\/blogs.elcomercio.es\/reflexiones-de-belarmino\/wp-json\/wp\/v2\/comments?post=22949"}],"version-history":[{"count":1,"href":"https:\/\/blogs.elcomercio.es\/reflexiones-de-belarmino\/wp-json\/wp\/v2\/posts\/22949\/revisions"}],"predecessor-version":[{"id":22950,"href":"https:\/\/blogs.elcomercio.es\/reflexiones-de-belarmino\/wp-json\/wp\/v2\/posts\/22949\/revisions\/22950"}],"wp:attachment":[{"href":"https:\/\/blogs.elcomercio.es\/reflexiones-de-belarmino\/wp-json\/wp\/v2\/media?parent=22949"}],"wp:term":[{"taxonomy":"category","embeddable":true,"href":"https:\/\/blogs.elcomercio.es\/reflexiones-de-belarmino\/wp-json\/wp\/v2\/categories?post=22949"},{"taxonomy":"post_tag","embeddable":true,"href":"https:\/\/blogs.elcomercio.es\/reflexiones-de-belarmino\/wp-json\/wp\/v2\/tags?post=22949"}],"curies":[{"name":"wp","href":"https:\/\/api.w.org\/{rel}","templated":true}]}}