{"id":22969,"date":"2022-06-19T18:47:26","date_gmt":"2022-06-19T16:47:26","guid":{"rendered":"https:\/\/blogs.elcomercio.es\/reflexiones-de-belarmino\/?p=22969"},"modified":"2022-06-19T18:47:26","modified_gmt":"2022-06-19T16:47:26","slug":"la-economia-global-teme-al-otono","status":"publish","type":"post","link":"https:\/\/blogs.elcomercio.es\/reflexiones-de-belarmino\/2022\/06\/19\/la-economia-global-teme-al-otono\/","title":{"rendered":"\u00a1\u00a1\u00a1\u00a1\u00a1LA ECONOM\u00cdA GLOBAL TEME AL OTO\u00d1O !!!"},"content":{"rendered":"<p><b>Cuando un diario como El Pa\u00eds, parco en los titulares, hoy dedica todas sus columnas bajo\u00a0el t\u00edtulo : &#8220;LA ECONOM\u00cdA\u00a0GLOBAL\u00a0TEME AL OTO\u00d1O&#8221;, es por algo que no se puede subestimar.El grupo Prisa es uno de los que est\u00e1n en la \u00e9lite informativa del mundo, y no s\u00f3lo el t\u00edtulo sino la forma de presentarlo hay que analizarlo.<\/b><\/p>\n<p><b>En plena guerra que durar\u00e1 meses en Ucrania; con un verano que va a romper r\u00e9cords\u00a0en todo el mundo;con el aumento cada vez mayor del precio de petroleo y gas en el mundo y en procesi\u00f3n que ,ya en Estados Unidos, se teme que vamos hacia una recesi\u00f3n, el paso del verano, cuando est\u00e9 a la vista el oto\u00f1o y el invierno, y los cambios de temperaturas\u00a0en el hemisferio norte haga m\u00e1s necesaria una energ\u00eda que tardar\u00e1 dos o tres a\u00f1os para que sea no contaminante, puede dar pie a tensiones sociales que nadie desea.<\/b><\/p>\n<p><b>Hoy, lo consideramos tambi\u00e9n, el mundo que surgi\u00f3\u00a0 de Bretton Woods liderado\u00a0por un potencia como Estados Unidos que, en Am\u00e9rica Latina que la conocen bien, dicen, o decimos ,que los Estados Unidos no tienen amigos, sino\u00a0<\/b><b>intereses, una vez usada su m\u00e1xima baza que es Europa, va a quedar como una gran potencia pero no la \u00fanica.Por supuesto esta China, pero Rusia, con Putin al frente, va a disputar\u00a0hegemon\u00edas.<\/b><\/p>\n<p><b>Por supuesto, el &#8220;p\u00f3nganse\u00a0los cinturones&#8221; que suelen decir los capitanes de los aviones cuando hay turbulencias, hay que no olvidarlo, hoy en junio del 2022.<\/b><\/p>\n<!-- AddThis Advanced Settings generic via filter on the_content --><!-- AddThis Share Buttons generic via filter on the_content -->","protected":false},"excerpt":{"rendered":"<p>Cuando un diario como El Pa\u00eds, parco en los titulares, hoy dedica todas sus columnas bajo\u00a0el t\u00edtulo : &#8220;LA ECONOM\u00cdA\u00a0GLOBAL\u00a0TEME AL OTO\u00d1O&#8221;, es por algo que no se puede subestimar.El grupo Prisa es uno de los que est\u00e1n en la \u00e9lite informativa del mundo, y no s\u00f3lo el t\u00edtulo sino la forma de presentarlo hay [&hellip;]<!-- AddThis Advanced Settings generic via filter on get_the_excerpt --><!-- AddThis Share Buttons generic via filter on get_the_excerpt --><\/p>\n","protected":false},"author":16,"featured_media":0,"comment_status":"open","ping_status":"closed","sticky":false,"template":"","format":"standard","meta":[],"categories":[1],"tags":[],"_links":{"self":[{"href":"https:\/\/blogs.elcomercio.es\/reflexiones-de-belarmino\/wp-json\/wp\/v2\/posts\/22969"}],"collection":[{"href":"https:\/\/blogs.elcomercio.es\/reflexiones-de-belarmino\/wp-json\/wp\/v2\/posts"}],"about":[{"href":"https:\/\/blogs.elcomercio.es\/reflexiones-de-belarmino\/wp-json\/wp\/v2\/types\/post"}],"author":[{"embeddable":true,"href":"https:\/\/blogs.elcomercio.es\/reflexiones-de-belarmino\/wp-json\/wp\/v2\/users\/16"}],"replies":[{"embeddable":true,"href":"https:\/\/blogs.elcomercio.es\/reflexiones-de-belarmino\/wp-json\/wp\/v2\/comments?post=22969"}],"version-history":[{"count":1,"href":"https:\/\/blogs.elcomercio.es\/reflexiones-de-belarmino\/wp-json\/wp\/v2\/posts\/22969\/revisions"}],"predecessor-version":[{"id":22970,"href":"https:\/\/blogs.elcomercio.es\/reflexiones-de-belarmino\/wp-json\/wp\/v2\/posts\/22969\/revisions\/22970"}],"wp:attachment":[{"href":"https:\/\/blogs.elcomercio.es\/reflexiones-de-belarmino\/wp-json\/wp\/v2\/media?parent=22969"}],"wp:term":[{"taxonomy":"category","embeddable":true,"href":"https:\/\/blogs.elcomercio.es\/reflexiones-de-belarmino\/wp-json\/wp\/v2\/categories?post=22969"},{"taxonomy":"post_tag","embeddable":true,"href":"https:\/\/blogs.elcomercio.es\/reflexiones-de-belarmino\/wp-json\/wp\/v2\/tags?post=22969"}],"curies":[{"name":"wp","href":"https:\/\/api.w.org\/{rel}","templated":true}]}}