{"id":22971,"date":"2022-06-19T19:00:41","date_gmt":"2022-06-19T17:00:41","guid":{"rendered":"https:\/\/blogs.elcomercio.es\/reflexiones-de-belarmino\/?p=22971"},"modified":"2022-06-19T19:02:43","modified_gmt":"2022-06-19T17:02:43","slug":"a-las-6-de-la-tarde-la-participacion-de-andalucia-baja-y-esta-a-44","status":"publish","type":"post","link":"https:\/\/blogs.elcomercio.es\/reflexiones-de-belarmino\/2022\/06\/19\/a-las-6-de-la-tarde-la-participacion-de-andalucia-baja-y-esta-a-44\/","title":{"rendered":"\u00a1\u00a1\u00a1\u00a1\u00a1A LAS 6 DE LA TARDE LA PARTICIPACI\u00d3N DE ANDALUC\u00cdA BAJA Y EST\u00c1 A 44 % !!!!"},"content":{"rendered":"<p><strong>Todos los analistas trata de encontrarle significado, pero lo \u00fanico en que se coincide que cuando en Espa\u00f1a hay una participaci\u00f3n del 70 %, en las \u00faltimas de\u00a0<\/strong><b>Andaluc\u00eda en el desplome\u00a0del PSOE fue del 56 %, hoy a las 6 de la tarde hab\u00eda una ca\u00edda\u00a0del 4 %\u00a0 y pudiera darse que no llegar\u00e1\u00a0al 60, a pesar de que hab\u00eda\u00a0dos horas, para regresar de la playa.<\/b><\/p>\n<p><b>Estimamos que, por supuesto la derecha va a ganar con holgura las elecciones, deseando que el PP pudiera tener por s\u00ed\u00a0s\u00f3lo los 55 esca\u00f1os para no depender de VOX.Moreno Bonilla lo puede lograr.. Pero, considerando que el partido socialista se va a estancar por todo lo que ha sucedido, y la gris campa\u00f1a de un candidato tambi\u00e9n gris como Espadas, creemos\u00a0que no va a ser un buen resultado para Yolanda D\u00edaz y que tendr\u00e1\u00a0fuerza la lider natural de la provincia que es Teresa\u00a0Rodr\u00edguez, va a hacer que TODOS los partidos se replanten la tarea hasta 2023.<\/b><\/p>\n<p><b>La legislatura\u00a0terminar\u00e1 pase lo que pase en Andaluc\u00eda\u00a0o en Madrid. Todos los miembros de la coalici\u00f3n de partidos que han apoyado al Gobierno de Coalici\u00f3n, si ten\u00edan alguna duda del riesgo que significa VOX, la intervenci\u00f2n de la se\u00f1ora Olona, los convencer\u00e1..<\/b><\/p>\n<p><strong>Falta una hora.<\/strong><\/p>\n<p><strong>A las 8 podremos con las primeras encuestas a pie de urna, acercarnos a la realidad.<\/strong><\/p>\n<p>&nbsp;<\/p>\n<!-- AddThis Advanced Settings generic via filter on the_content --><!-- AddThis Share Buttons generic via filter on the_content -->","protected":false},"excerpt":{"rendered":"<p>Todos los analistas trata de encontrarle significado, pero lo \u00fanico en que se coincide que cuando en Espa\u00f1a hay una participaci\u00f3n del 70 %, en las \u00faltimas de\u00a0Andaluc\u00eda en el desplome\u00a0del PSOE fue del 56 %, hoy a las 6 de la tarde hab\u00eda una ca\u00edda\u00a0del 4 %\u00a0 y pudiera darse que no llegar\u00e1\u00a0al 60, [&hellip;]<!-- AddThis Advanced Settings generic via filter on get_the_excerpt --><!-- AddThis Share Buttons generic via filter on get_the_excerpt --><\/p>\n","protected":false},"author":16,"featured_media":0,"comment_status":"open","ping_status":"closed","sticky":false,"template":"","format":"standard","meta":[],"categories":[1],"tags":[],"_links":{"self":[{"href":"https:\/\/blogs.elcomercio.es\/reflexiones-de-belarmino\/wp-json\/wp\/v2\/posts\/22971"}],"collection":[{"href":"https:\/\/blogs.elcomercio.es\/reflexiones-de-belarmino\/wp-json\/wp\/v2\/posts"}],"about":[{"href":"https:\/\/blogs.elcomercio.es\/reflexiones-de-belarmino\/wp-json\/wp\/v2\/types\/post"}],"author":[{"embeddable":true,"href":"https:\/\/blogs.elcomercio.es\/reflexiones-de-belarmino\/wp-json\/wp\/v2\/users\/16"}],"replies":[{"embeddable":true,"href":"https:\/\/blogs.elcomercio.es\/reflexiones-de-belarmino\/wp-json\/wp\/v2\/comments?post=22971"}],"version-history":[{"count":3,"href":"https:\/\/blogs.elcomercio.es\/reflexiones-de-belarmino\/wp-json\/wp\/v2\/posts\/22971\/revisions"}],"predecessor-version":[{"id":22974,"href":"https:\/\/blogs.elcomercio.es\/reflexiones-de-belarmino\/wp-json\/wp\/v2\/posts\/22971\/revisions\/22974"}],"wp:attachment":[{"href":"https:\/\/blogs.elcomercio.es\/reflexiones-de-belarmino\/wp-json\/wp\/v2\/media?parent=22971"}],"wp:term":[{"taxonomy":"category","embeddable":true,"href":"https:\/\/blogs.elcomercio.es\/reflexiones-de-belarmino\/wp-json\/wp\/v2\/categories?post=22971"},{"taxonomy":"post_tag","embeddable":true,"href":"https:\/\/blogs.elcomercio.es\/reflexiones-de-belarmino\/wp-json\/wp\/v2\/tags?post=22971"}],"curies":[{"name":"wp","href":"https:\/\/api.w.org\/{rel}","templated":true}]}}