{"id":23317,"date":"2022-07-01T08:22:43","date_gmt":"2022-07-01T06:22:43","guid":{"rendered":"https:\/\/blogs.elcomercio.es\/reflexiones-de-belarmino\/?p=23317"},"modified":"2022-07-01T08:22:43","modified_gmt":"2022-07-01T06:22:43","slug":"el-supremo-de-estados-unidos-contra-el-cambio-climatico","status":"publish","type":"post","link":"https:\/\/blogs.elcomercio.es\/reflexiones-de-belarmino\/2022\/07\/01\/el-supremo-de-estados-unidos-contra-el-cambio-climatico\/","title":{"rendered":"\u00a1\u00a1\u00a1\u00a1EL SUPREMO DE ESTADOS UNIDOS CONTRA EL CAMBIO CLIM\u00c1TICO !!!"},"content":{"rendered":"<p><b>Un triunfo de Trump. Todos sus 4 a\u00f1os buscando y lo consigui\u00f3.Logr\u00f3 introducir al Tribunal Supremo\u00a0de los EE:UU: 3 jueces conservadores que son los \u00e1rbitros\u00a0finales de cualquier decisi\u00f3n\u00a0importante en aquel pa\u00eds.<\/b><\/p>\n<p><b>Hoy brinda por que el Supremo ACAB\u00d3\u00a0CON EL DERECHO AL ABORTO y y ayer SE LANZO A REDUCIR LOS FONDOS PARA LA LUCHA CONTRA EL CAMBIO CLIM\u00c1TICO.<\/b><\/p>\n<p><b>El m\u00e1s poderoso pais de la tierra retrocede y retrocede. El haber quitado a millones de mujeres un derecho de hace 50 a\u00f1os, elemental, el Derecho al Aborto fue\u00a0un fuerte golpe. El haber quitado\u00a0fondos a John Kerry para luchar contra el cambio clim\u00e1tico, nos muestra que aquel pa\u00eds,\u00a0 vuelve a saltar al pasado.<\/b><\/p>\n<p>.<b>\u00bfA d\u00f3nde\u00a0vamos\u00a0en la lucha contra el Cambio Clim\u00e1tico, que es irreversible si no se cumple, cuando un sector de la humanidad lo impide como Estados Unidos, o cambia al Carb\u00f3n\u00a0por necesidades en Alemania, Austria y Chequia?<\/b><\/p>\n<p>&nbsp;<\/p>\n<!-- AddThis Advanced Settings generic via filter on the_content --><!-- AddThis Share Buttons generic via filter on the_content -->","protected":false},"excerpt":{"rendered":"<p>Un triunfo de Trump. Todos sus 4 a\u00f1os buscando y lo consigui\u00f3.Logr\u00f3 introducir al Tribunal Supremo\u00a0de los EE:UU: 3 jueces conservadores que son los \u00e1rbitros\u00a0finales de cualquier decisi\u00f3n\u00a0importante en aquel pa\u00eds. Hoy brinda por que el Supremo ACAB\u00d3\u00a0CON EL DERECHO AL ABORTO y y ayer SE LANZO A REDUCIR LOS FONDOS PARA LA LUCHA CONTRA [&hellip;]<!-- AddThis Advanced Settings generic via filter on get_the_excerpt --><!-- AddThis Share Buttons generic via filter on get_the_excerpt --><\/p>\n","protected":false},"author":16,"featured_media":0,"comment_status":"open","ping_status":"closed","sticky":false,"template":"","format":"standard","meta":[],"categories":[1],"tags":[],"_links":{"self":[{"href":"https:\/\/blogs.elcomercio.es\/reflexiones-de-belarmino\/wp-json\/wp\/v2\/posts\/23317"}],"collection":[{"href":"https:\/\/blogs.elcomercio.es\/reflexiones-de-belarmino\/wp-json\/wp\/v2\/posts"}],"about":[{"href":"https:\/\/blogs.elcomercio.es\/reflexiones-de-belarmino\/wp-json\/wp\/v2\/types\/post"}],"author":[{"embeddable":true,"href":"https:\/\/blogs.elcomercio.es\/reflexiones-de-belarmino\/wp-json\/wp\/v2\/users\/16"}],"replies":[{"embeddable":true,"href":"https:\/\/blogs.elcomercio.es\/reflexiones-de-belarmino\/wp-json\/wp\/v2\/comments?post=23317"}],"version-history":[{"count":1,"href":"https:\/\/blogs.elcomercio.es\/reflexiones-de-belarmino\/wp-json\/wp\/v2\/posts\/23317\/revisions"}],"predecessor-version":[{"id":23318,"href":"https:\/\/blogs.elcomercio.es\/reflexiones-de-belarmino\/wp-json\/wp\/v2\/posts\/23317\/revisions\/23318"}],"wp:attachment":[{"href":"https:\/\/blogs.elcomercio.es\/reflexiones-de-belarmino\/wp-json\/wp\/v2\/media?parent=23317"}],"wp:term":[{"taxonomy":"category","embeddable":true,"href":"https:\/\/blogs.elcomercio.es\/reflexiones-de-belarmino\/wp-json\/wp\/v2\/categories?post=23317"},{"taxonomy":"post_tag","embeddable":true,"href":"https:\/\/blogs.elcomercio.es\/reflexiones-de-belarmino\/wp-json\/wp\/v2\/tags?post=23317"}],"curies":[{"name":"wp","href":"https:\/\/api.w.org\/{rel}","templated":true}]}}