{"id":23319,"date":"2022-07-01T08:33:54","date_gmt":"2022-07-01T06:33:54","guid":{"rendered":"https:\/\/blogs.elcomercio.es\/reflexiones-de-belarmino\/?p=23319"},"modified":"2022-07-01T08:33:54","modified_gmt":"2022-07-01T06:33:54","slug":"30000-millones-de-euros-debe-de-gastar-espana-en-armas-al-ano","status":"publish","type":"post","link":"https:\/\/blogs.elcomercio.es\/reflexiones-de-belarmino\/2022\/07\/01\/30000-millones-de-euros-debe-de-gastar-espana-en-armas-al-ano\/","title":{"rendered":"\u00a1\u00a1\u00a1\u00a1 30,000 MILLONES DE EUROS DEBE DE GASTAR ESPA\u00d1A  EN ARMAS AL A\u00d1O   !!!!"},"content":{"rendered":"<p><b>&#8220;Cuando \u00e9ramos\u00a0pocos pari\u00f3 la abuela &#8220;. Para cumplir con EE:UU y los acuerdos de la OTAN tiene que gastar el 2 % de su PIB (1.457Bd) para gastos militares.: 30,000 millones\u00a0de euros. Sobrados en recursos para los gastos sociales, desbordado el Escudo Social por la inflaci\u00f3n, comprando petroleo caro y a un a\u00f1o de una Recesi\u00f3n cantada por los expertos de Occidente.<\/b><\/p>\n<p><strong>Al final s\u00f3lo tenemos una inflaci\u00f3n de 10.2 %&#8230;<\/strong><\/p>\n<p><b>El protagonismo\u00a0de S\u00e1nchez\u00a0y la gloria\u00a0de la OTAN le pueden costar el gobierno\u00a0en 2024<\/b><\/p>\n<!-- AddThis Advanced Settings generic via filter on the_content --><!-- AddThis Share Buttons generic via filter on the_content -->","protected":false},"excerpt":{"rendered":"<p>&#8220;Cuando \u00e9ramos\u00a0pocos pari\u00f3 la abuela &#8220;. Para cumplir con EE:UU y los acuerdos de la OTAN tiene que gastar el 2 % de su PIB (1.457Bd) para gastos militares.: 30,000 millones\u00a0de euros. Sobrados en recursos para los gastos sociales, desbordado el Escudo Social por la inflaci\u00f3n, comprando petroleo caro y a un a\u00f1o de una [&hellip;]<!-- AddThis Advanced Settings generic via filter on get_the_excerpt --><!-- AddThis Share Buttons generic via filter on get_the_excerpt --><\/p>\n","protected":false},"author":16,"featured_media":0,"comment_status":"open","ping_status":"closed","sticky":false,"template":"","format":"standard","meta":[],"categories":[1],"tags":[],"_links":{"self":[{"href":"https:\/\/blogs.elcomercio.es\/reflexiones-de-belarmino\/wp-json\/wp\/v2\/posts\/23319"}],"collection":[{"href":"https:\/\/blogs.elcomercio.es\/reflexiones-de-belarmino\/wp-json\/wp\/v2\/posts"}],"about":[{"href":"https:\/\/blogs.elcomercio.es\/reflexiones-de-belarmino\/wp-json\/wp\/v2\/types\/post"}],"author":[{"embeddable":true,"href":"https:\/\/blogs.elcomercio.es\/reflexiones-de-belarmino\/wp-json\/wp\/v2\/users\/16"}],"replies":[{"embeddable":true,"href":"https:\/\/blogs.elcomercio.es\/reflexiones-de-belarmino\/wp-json\/wp\/v2\/comments?post=23319"}],"version-history":[{"count":1,"href":"https:\/\/blogs.elcomercio.es\/reflexiones-de-belarmino\/wp-json\/wp\/v2\/posts\/23319\/revisions"}],"predecessor-version":[{"id":23320,"href":"https:\/\/blogs.elcomercio.es\/reflexiones-de-belarmino\/wp-json\/wp\/v2\/posts\/23319\/revisions\/23320"}],"wp:attachment":[{"href":"https:\/\/blogs.elcomercio.es\/reflexiones-de-belarmino\/wp-json\/wp\/v2\/media?parent=23319"}],"wp:term":[{"taxonomy":"category","embeddable":true,"href":"https:\/\/blogs.elcomercio.es\/reflexiones-de-belarmino\/wp-json\/wp\/v2\/categories?post=23319"},{"taxonomy":"post_tag","embeddable":true,"href":"https:\/\/blogs.elcomercio.es\/reflexiones-de-belarmino\/wp-json\/wp\/v2\/tags?post=23319"}],"curies":[{"name":"wp","href":"https:\/\/api.w.org\/{rel}","templated":true}]}}