{"id":23321,"date":"2022-07-01T08:52:46","date_gmt":"2022-07-01T06:52:46","guid":{"rendered":"https:\/\/blogs.elcomercio.es\/reflexiones-de-belarmino\/?p=23321"},"modified":"2022-07-01T08:52:46","modified_gmt":"2022-07-01T06:52:46","slug":"un-nuevo-telon-de-acero-esta-descendiendo-lavrov-mientras-ataca-a-odessa","status":"publish","type":"post","link":"https:\/\/blogs.elcomercio.es\/reflexiones-de-belarmino\/2022\/07\/01\/un-nuevo-telon-de-acero-esta-descendiendo-lavrov-mientras-ataca-a-odessa\/","title":{"rendered":"\u00a1\u00a1\u00a1\u00a1&#8221;UN NUEVO TEL\u00d3N DE ACERO EST\u00c1 DESCENDIENDO&#8221;: LAVROV.- MIENTRAS ATACA A ODESSA !!!"},"content":{"rendered":"<p><b>Cuando se retiraba\u00a0Rusia de la Isla de las Serpientes pens\u00e1bamos\u00a0que\u00a0hab\u00eda decidido no atacar Odessa.Pero no fu\u00e9 as\u00ed, en la Isla eran blanco f\u00e1cil\u00a0de las tropas uicranianas.La dejaron, pero ayer lanzaron un ataque sobre un complejo\u00a0de lujo\u00a0en esta Perla del Mar Negro, con 37 muertos.Van por Odessa,no den por muerto a Putin y a Rusia.<\/b><\/p>\n<p><b>Mientras Lavrov dijo ayer.&#8221; UN NUEVO TEL\u00d3N\u00a0DE ACERO EST\u00c1\u00a0DESCENDIENDO NUEVAMENTE &#8220;<\/b><\/p>\n<!-- AddThis Advanced Settings generic via filter on the_content --><!-- AddThis Share Buttons generic via filter on the_content -->","protected":false},"excerpt":{"rendered":"<p>Cuando se retiraba\u00a0Rusia de la Isla de las Serpientes pens\u00e1bamos\u00a0que\u00a0hab\u00eda decidido no atacar Odessa.Pero no fu\u00e9 as\u00ed, en la Isla eran blanco f\u00e1cil\u00a0de las tropas uicranianas.La dejaron, pero ayer lanzaron un ataque sobre un complejo\u00a0de lujo\u00a0en esta Perla del Mar Negro, con 37 muertos.Van por Odessa,no den por muerto a Putin y a Rusia. Mientras [&hellip;]<!-- AddThis Advanced Settings generic via filter on get_the_excerpt --><!-- AddThis Share Buttons generic via filter on get_the_excerpt --><\/p>\n","protected":false},"author":16,"featured_media":0,"comment_status":"open","ping_status":"closed","sticky":false,"template":"","format":"standard","meta":[],"categories":[1],"tags":[],"_links":{"self":[{"href":"https:\/\/blogs.elcomercio.es\/reflexiones-de-belarmino\/wp-json\/wp\/v2\/posts\/23321"}],"collection":[{"href":"https:\/\/blogs.elcomercio.es\/reflexiones-de-belarmino\/wp-json\/wp\/v2\/posts"}],"about":[{"href":"https:\/\/blogs.elcomercio.es\/reflexiones-de-belarmino\/wp-json\/wp\/v2\/types\/post"}],"author":[{"embeddable":true,"href":"https:\/\/blogs.elcomercio.es\/reflexiones-de-belarmino\/wp-json\/wp\/v2\/users\/16"}],"replies":[{"embeddable":true,"href":"https:\/\/blogs.elcomercio.es\/reflexiones-de-belarmino\/wp-json\/wp\/v2\/comments?post=23321"}],"version-history":[{"count":1,"href":"https:\/\/blogs.elcomercio.es\/reflexiones-de-belarmino\/wp-json\/wp\/v2\/posts\/23321\/revisions"}],"predecessor-version":[{"id":23322,"href":"https:\/\/blogs.elcomercio.es\/reflexiones-de-belarmino\/wp-json\/wp\/v2\/posts\/23321\/revisions\/23322"}],"wp:attachment":[{"href":"https:\/\/blogs.elcomercio.es\/reflexiones-de-belarmino\/wp-json\/wp\/v2\/media?parent=23321"}],"wp:term":[{"taxonomy":"category","embeddable":true,"href":"https:\/\/blogs.elcomercio.es\/reflexiones-de-belarmino\/wp-json\/wp\/v2\/categories?post=23321"},{"taxonomy":"post_tag","embeddable":true,"href":"https:\/\/blogs.elcomercio.es\/reflexiones-de-belarmino\/wp-json\/wp\/v2\/tags?post=23321"}],"curies":[{"name":"wp","href":"https:\/\/api.w.org\/{rel}","templated":true}]}}