{"id":23323,"date":"2022-07-01T09:19:00","date_gmt":"2022-07-01T07:19:00","guid":{"rendered":"https:\/\/blogs.elcomercio.es\/reflexiones-de-belarmino\/?p=23323"},"modified":"2022-07-01T09:19:00","modified_gmt":"2022-07-01T07:19:00","slug":"pierde-el-principal-indicador-de-ee-uu-en-seis-meses-8-5-billones-de-dolares5-5-veces-el-pib-de-espana","status":"publish","type":"post","link":"https:\/\/blogs.elcomercio.es\/reflexiones-de-belarmino\/2022\/07\/01\/pierde-el-principal-indicador-de-ee-uu-en-seis-meses-8-5-billones-de-dolares5-5-veces-el-pib-de-espana\/","title":{"rendered":"\u00a1\u00a1\u00a1\u00a1\u00a1PIERDE EL PRINCIPAL INDICADOR DE EE.UU, EN SEIS MESES 8.5 BILLONES DE D\u00d3LARES(5.5 VECES EL PIB DE ESPA\u00d1A )!!"},"content":{"rendered":"<p><b>El SP500, principal indicador de la econom\u00eda de los Estados Unidos ha perdido en estos 6 meses 8,5 billones de d\u00f3lares, el equivalente a 5.5 el PIB de Espa\u00f1a-De ese tama\u00f1o.<\/b><\/p>\n<p>&nbsp;<\/p>\n<!-- AddThis Advanced Settings generic via filter on the_content --><!-- AddThis Share Buttons generic via filter on the_content -->","protected":false},"excerpt":{"rendered":"<p>El SP500, principal indicador de la econom\u00eda de los Estados Unidos ha perdido en estos 6 meses 8,5 billones de d\u00f3lares, el equivalente a 5.5 el PIB de Espa\u00f1a-De ese tama\u00f1o. &nbsp;<!-- AddThis Advanced Settings generic via filter on get_the_excerpt --><!-- AddThis Share Buttons generic via filter on get_the_excerpt --><\/p>\n","protected":false},"author":16,"featured_media":0,"comment_status":"open","ping_status":"closed","sticky":false,"template":"","format":"standard","meta":[],"categories":[1],"tags":[],"_links":{"self":[{"href":"https:\/\/blogs.elcomercio.es\/reflexiones-de-belarmino\/wp-json\/wp\/v2\/posts\/23323"}],"collection":[{"href":"https:\/\/blogs.elcomercio.es\/reflexiones-de-belarmino\/wp-json\/wp\/v2\/posts"}],"about":[{"href":"https:\/\/blogs.elcomercio.es\/reflexiones-de-belarmino\/wp-json\/wp\/v2\/types\/post"}],"author":[{"embeddable":true,"href":"https:\/\/blogs.elcomercio.es\/reflexiones-de-belarmino\/wp-json\/wp\/v2\/users\/16"}],"replies":[{"embeddable":true,"href":"https:\/\/blogs.elcomercio.es\/reflexiones-de-belarmino\/wp-json\/wp\/v2\/comments?post=23323"}],"version-history":[{"count":1,"href":"https:\/\/blogs.elcomercio.es\/reflexiones-de-belarmino\/wp-json\/wp\/v2\/posts\/23323\/revisions"}],"predecessor-version":[{"id":23324,"href":"https:\/\/blogs.elcomercio.es\/reflexiones-de-belarmino\/wp-json\/wp\/v2\/posts\/23323\/revisions\/23324"}],"wp:attachment":[{"href":"https:\/\/blogs.elcomercio.es\/reflexiones-de-belarmino\/wp-json\/wp\/v2\/media?parent=23323"}],"wp:term":[{"taxonomy":"category","embeddable":true,"href":"https:\/\/blogs.elcomercio.es\/reflexiones-de-belarmino\/wp-json\/wp\/v2\/categories?post=23323"},{"taxonomy":"post_tag","embeddable":true,"href":"https:\/\/blogs.elcomercio.es\/reflexiones-de-belarmino\/wp-json\/wp\/v2\/tags?post=23323"}],"curies":[{"name":"wp","href":"https:\/\/api.w.org\/{rel}","templated":true}]}}