{"id":23325,"date":"2022-07-01T10:13:42","date_gmt":"2022-07-01T08:13:42","guid":{"rendered":"https:\/\/blogs.elcomercio.es\/reflexiones-de-belarmino\/?p=23325"},"modified":"2022-07-01T10:13:42","modified_gmt":"2022-07-01T08:13:42","slug":"letizia-y-biden","status":"publish","type":"post","link":"https:\/\/blogs.elcomercio.es\/reflexiones-de-belarmino\/2022\/07\/01\/letizia-y-biden\/","title":{"rendered":"\u00a1\u00a1\u00a1\u00a1LETIZIA Y BIDEN !!!"},"content":{"rendered":"<p><b>Los detalles son los detalles, y muchas veces los pasamos por alto.En la ceremonia\u00a0en el Palacio Real elegantes, y una buena imagen de Espa\u00f1a, se encontraban recibiendo Felipe VI y Letizia, cuando lleg\u00f3 Joe Biden.<\/b><\/p>\n<p><strong>Letizia, figura en esta cumbre, not\u00f3 que el presidente de los poderosos Estados Unidos, al saludarla, y entre bromas, le pasaba la mano por la cintura que ella esquiv\u00f3.Pero en ese minuto Biden la agarr\u00f3 las dos manos para saludarla, hasta que ella, con su experiencia en la vida, sutilmente lo esquiv\u00f3 y regres\u00f3 al lado del marido.<\/strong><\/p>\n<p><b>No pocas podr\u00e1n decir, que\u00a0 al presidente Joe Biden,le hab\u00eda&#8221;tirado los tejos&#8221;<\/b><\/p>\n<p><strong>Al final, Pedro S\u00e1nchez y Letizia Ortiz, reina de Espa\u00f1a, se llevaron la Cumbre.<\/strong><\/p>\n<!-- AddThis Advanced Settings generic via filter on the_content --><!-- AddThis Share Buttons generic via filter on the_content -->","protected":false},"excerpt":{"rendered":"<p>Los detalles son los detalles, y muchas veces los pasamos por alto.En la ceremonia\u00a0en el Palacio Real elegantes, y una buena imagen de Espa\u00f1a, se encontraban recibiendo Felipe VI y Letizia, cuando lleg\u00f3 Joe Biden. Letizia, figura en esta cumbre, not\u00f3 que el presidente de los poderosos Estados Unidos, al saludarla, y entre bromas, le [&hellip;]<!-- AddThis Advanced Settings generic via filter on get_the_excerpt --><!-- AddThis Share Buttons generic via filter on get_the_excerpt --><\/p>\n","protected":false},"author":16,"featured_media":0,"comment_status":"open","ping_status":"closed","sticky":false,"template":"","format":"standard","meta":[],"categories":[1],"tags":[],"_links":{"self":[{"href":"https:\/\/blogs.elcomercio.es\/reflexiones-de-belarmino\/wp-json\/wp\/v2\/posts\/23325"}],"collection":[{"href":"https:\/\/blogs.elcomercio.es\/reflexiones-de-belarmino\/wp-json\/wp\/v2\/posts"}],"about":[{"href":"https:\/\/blogs.elcomercio.es\/reflexiones-de-belarmino\/wp-json\/wp\/v2\/types\/post"}],"author":[{"embeddable":true,"href":"https:\/\/blogs.elcomercio.es\/reflexiones-de-belarmino\/wp-json\/wp\/v2\/users\/16"}],"replies":[{"embeddable":true,"href":"https:\/\/blogs.elcomercio.es\/reflexiones-de-belarmino\/wp-json\/wp\/v2\/comments?post=23325"}],"version-history":[{"count":1,"href":"https:\/\/blogs.elcomercio.es\/reflexiones-de-belarmino\/wp-json\/wp\/v2\/posts\/23325\/revisions"}],"predecessor-version":[{"id":23326,"href":"https:\/\/blogs.elcomercio.es\/reflexiones-de-belarmino\/wp-json\/wp\/v2\/posts\/23325\/revisions\/23326"}],"wp:attachment":[{"href":"https:\/\/blogs.elcomercio.es\/reflexiones-de-belarmino\/wp-json\/wp\/v2\/media?parent=23325"}],"wp:term":[{"taxonomy":"category","embeddable":true,"href":"https:\/\/blogs.elcomercio.es\/reflexiones-de-belarmino\/wp-json\/wp\/v2\/categories?post=23325"},{"taxonomy":"post_tag","embeddable":true,"href":"https:\/\/blogs.elcomercio.es\/reflexiones-de-belarmino\/wp-json\/wp\/v2\/tags?post=23325"}],"curies":[{"name":"wp","href":"https:\/\/api.w.org\/{rel}","templated":true}]}}