{"id":23368,"date":"2022-07-03T12:14:21","date_gmt":"2022-07-03T10:14:21","guid":{"rendered":"https:\/\/blogs.elcomercio.es\/reflexiones-de-belarmino\/?p=23368"},"modified":"2022-07-03T12:14:21","modified_gmt":"2022-07-03T10:14:21","slug":"don-gilberto-marcial-maciel-tel-aviv-y-espana","status":"publish","type":"post","link":"https:\/\/blogs.elcomercio.es\/reflexiones-de-belarmino\/2022\/07\/03\/don-gilberto-marcial-maciel-tel-aviv-y-espana\/","title":{"rendered":"\u00a1\u00a1\u00a1\u00a1DON GILBERTO, MARCIAL MACIEL, TEL AVIV Y ESPA\u00d1A !!!"},"content":{"rendered":"<p><b>Dos personas estaban muy pendientes de aquel 1939 . El presidente L\u00e1zaro C\u00e1rdenas\u00a0y Marcial Maciel.Uno triste por el Levantamiento se puso en movimiento\u00a0 y el otro deseandolo para fundar sus Legionarios de Cristo.<\/b><\/p>\n<p><b>C\u00e1rdenas dio\u00a0instrucciones a un hombre de todas sus confianzas y experimentado embajador: Gilberto Bosques, que de inmediato se traslad\u00f3\u00a0a Francia, para ayudar\u00a0a los exiliados espa\u00f1oles.Al llegar ubic\u00f3 a los 280,000 exiliados que se encontraban en Francia en 4 Campos de Concentraci\u00f3n.<\/b><\/p>\n<p><b>All\u00ed en la desesperaci\u00f3n\u00a0por que nadie se preocupaba por ellos, tras\u00a0la dura\u00a0lucha, la derrota y el futuro de ellos y sus hijos, se encontraban aquellas mujeres, hombres, ni\u00f1os.<\/b><\/p>\n<p><b>Lo primero que hizo Don Gilberto Bosques, hombre corpulento, de unos 60 a\u00f1os, redact\u00f3 una hoja,sint\u00e9tica: &#8221; SI USTED ES ESPA\u00d1OL, REFUGIADO DE LA GUERRA, PARA MI PA\u00cdS, MEXICO, SER\u00c1 UN HONOR CONCEDERLE ASILO.Favor de mandar su documentaci\u00f3n &#8220;.<\/b><\/p>\n<p><strong>Decenas\u00a0 de miles de cartas llegaron a sus oficinas<\/strong><\/p>\n<p><strong>Aquel hombre michoacano como el general C\u00e1rdenas, firm\u00f3 seg\u00fan\u00a0 sus archivos que constan en M\u00e9xico 85,000 visados, antes de que aquel &#8220;cu\u00f1ad\u00edsimo&#8221; del dictador, Serrano Su\u00f1er en 1940, firmase el acuerdo con los nazis, para impedir que nadie pudiera salir, y dejar en el nuevo infierno, al lado de Alemania la segunda guerra mundial.<\/strong><\/p>\n<p><b>34,000 personas lograron salir\u00a0hacia M\u00e9xico, en lo que se ha llamado el exilio mexicano.<\/b><\/p>\n<p><b>Por supuesto, salieron tambi\u00e9n a otros paises otros ciudadanos.<\/b><\/p>\n<p><b>En Tel Aviv hay un monumento a Gilberto Bosques, pero por supuesto en Espa\u00f1a no hay ninguna\u00a0menci\u00f3n\u00a0de la acci\u00f3n del pa\u00ecs y de Don Gilberto Bosques.<\/b><\/p>\n<p><strong>Por supuesto aquel chaval acusado de envenenar al t\u00edo el Arzobispo Guisar y Acevedo, que le descubri\u00f3 la pederastia, se vino de inmediato a Espa\u00f1a, y con el amparo de la familia Oriol que es due\u00f1a de IBerdrola, se introdujo en las elites, de tal forma que tres hijos y la hija de aquellos Oriol fueron sacerdotes destacados de los Legionarios de Cristo.<\/strong><\/p>\n<p>&nbsp;<\/p>\n<p>&nbsp;<\/p>\n<p>&nbsp;<\/p>\n<!-- AddThis Advanced Settings generic via filter on the_content --><!-- AddThis Share Buttons generic via filter on the_content -->","protected":false},"excerpt":{"rendered":"<p>Dos personas estaban muy pendientes de aquel 1939 . El presidente L\u00e1zaro C\u00e1rdenas\u00a0y Marcial Maciel.Uno triste por el Levantamiento se puso en movimiento\u00a0 y el otro deseandolo para fundar sus Legionarios de Cristo. C\u00e1rdenas dio\u00a0instrucciones a un hombre de todas sus confianzas y experimentado embajador: Gilberto Bosques, que de inmediato se traslad\u00f3\u00a0a Francia, para ayudar\u00a0a [&hellip;]<!-- AddThis Advanced Settings generic via filter on get_the_excerpt --><!-- AddThis Share Buttons generic via filter on get_the_excerpt --><\/p>\n","protected":false},"author":16,"featured_media":0,"comment_status":"open","ping_status":"closed","sticky":false,"template":"","format":"standard","meta":[],"categories":[1],"tags":[],"_links":{"self":[{"href":"https:\/\/blogs.elcomercio.es\/reflexiones-de-belarmino\/wp-json\/wp\/v2\/posts\/23368"}],"collection":[{"href":"https:\/\/blogs.elcomercio.es\/reflexiones-de-belarmino\/wp-json\/wp\/v2\/posts"}],"about":[{"href":"https:\/\/blogs.elcomercio.es\/reflexiones-de-belarmino\/wp-json\/wp\/v2\/types\/post"}],"author":[{"embeddable":true,"href":"https:\/\/blogs.elcomercio.es\/reflexiones-de-belarmino\/wp-json\/wp\/v2\/users\/16"}],"replies":[{"embeddable":true,"href":"https:\/\/blogs.elcomercio.es\/reflexiones-de-belarmino\/wp-json\/wp\/v2\/comments?post=23368"}],"version-history":[{"count":2,"href":"https:\/\/blogs.elcomercio.es\/reflexiones-de-belarmino\/wp-json\/wp\/v2\/posts\/23368\/revisions"}],"predecessor-version":[{"id":23370,"href":"https:\/\/blogs.elcomercio.es\/reflexiones-de-belarmino\/wp-json\/wp\/v2\/posts\/23368\/revisions\/23370"}],"wp:attachment":[{"href":"https:\/\/blogs.elcomercio.es\/reflexiones-de-belarmino\/wp-json\/wp\/v2\/media?parent=23368"}],"wp:term":[{"taxonomy":"category","embeddable":true,"href":"https:\/\/blogs.elcomercio.es\/reflexiones-de-belarmino\/wp-json\/wp\/v2\/categories?post=23368"},{"taxonomy":"post_tag","embeddable":true,"href":"https:\/\/blogs.elcomercio.es\/reflexiones-de-belarmino\/wp-json\/wp\/v2\/tags?post=23368"}],"curies":[{"name":"wp","href":"https:\/\/api.w.org\/{rel}","templated":true}]}}